{"id":10843,"date":"2021-07-09T07:28:58","date_gmt":"2021-07-09T05:28:58","guid":{"rendered":"https:\/\/dossenberger.de\/?p=10843"},"modified":"2021-07-09T07:30:21","modified_gmt":"2021-07-09T05:30:21","slug":"ausflug-zur-kz-gedenkstaette-dachau","status":"publish","type":"post","link":"https:\/\/dossenberger.de\/?p=10843","title":{"rendered":"Ausflug zur KZ-Gedenkst\u00e4tte Dachau"},"content":{"rendered":"\n<p>Am Dienstag, den 22. Juni 2021, wurde von 10 Uhr bis 13 Uhr, in der KZ-Gedenkst\u00e4tte Dachau die 9. Jahrgangsstufe des Dossenberger-Gymnasiums von Guides \u00fcber die Gedenkst\u00e4tte und \u00fcber das damalige Konzentrationslager Dachau informiert.<\/p>\n<p>Nachdem die 9. Klassen des Dossenberger-Gymnasiums mit dem Bus an der Gedenkst\u00e4tte ankamen, wurden sie in sechs Gruppen aufgeteilt und bekamen einen Guide und einen Aufsichtslehrer. Jede Gruppe hatte dann eine eineinhalbst\u00fcndige F\u00fchrung mit ihrem Guide, wobei jede Gruppe eine andere F\u00fchrung hatte. W\u00e4hrend dem Rundgang wurden die Sch\u00fcler \u00fcber die Gedenkst\u00e4tte und \u00fcber das damalige Konzentrationslager Dachau informiert. Dabei hat man den Gruppen erkl\u00e4rt, was die H\u00e4ftlinge f\u00fcr Strafen bekommen haben, wenn einer ausgebrochen ist, oder wenn das Bett nicht richtig gemacht wurde. Beispielsweise mussten die H\u00e4ftlinge die ganze Nacht ohne Essen und Trinken auf dem Appellplatz stehen. Die Sch\u00fcler wurden auch \u00fcber das Krematorium, welches eine Gaskammer hatte, wobei man aber nicht genau sagen kann, ob diese benutzt wurde, informiert. Generell wurden die Sch\u00fcler \u00fcber das Leben der Inhaftierten und deren Alltag aufgekl\u00e4rt. <span style=\"font-size: inherit;\">Nach der F\u00fchrung durften die Sch\u00fcler selbstst\u00e4ndig in das Museum gehen und sich dort noch mehr \u00fcber die Geschichte des Konzentrationslagers und dessen Befreiung informieren.<\/span><\/p>\n<p>Die Gr\u00fcnde, warum die 9. Klassen den Ausflug \u00fcberhaupt gemacht haben, sind beispielsweise die Wertsch\u00e4tzung der Menschlichkeit und um den Fehlern der Vergangenheit zu begegnen, damit diese in Zukunft vermieden werden. Das Interesse von Sch\u00fclern an diesem Thema ist bei den meisten immer noch sehr gro\u00df, da die Geschehnisse in deren Umgebung passiert sind und solche Gedenkst\u00e4tten viel anschaulicher als der Geschichtsunterricht sind.<\/p>\n<p><em>Emily Lehnert<\/em><\/p>\n","protected":false},"excerpt":{"rendered":"<p>Am Dienstag, den 22. Juni 2021, wurde von 10 Uhr bis 13 Uhr, in der KZ-Gedenkst\u00e4tte Dachau die 9. Jahrgangsstufe<\/p>\n","protected":false},"author":2,"featured_media":10844,"comment_status":"closed","ping_status":"closed","sticky":false,"template":"","format":"standard","meta":{"colormag_page_container_layout":"default_layout","colormag_page_sidebar_layout":"default_layout","ngg_post_thumbnail":0,"_price":"","_stock":"","_tribe_ticket_header":"","_tribe_default_ticket_provider":"","_tribe_ticket_capacity":"0","_ticket_start_date":"","_ticket_end_date":"","_tribe_ticket_show_description":"","_tribe_ticket_show_not_going":false,"_tribe_ticket_use_global_stock":"","_tribe_ticket_global_stock_level":"","_global_stock_mode":"","_global_stock_cap":"","_tribe_rsvp_for_event":"","_tribe_ticket_going_count":"","_tribe_ticket_not_going_count":"","_tribe_tickets_list":"[]","_tribe_ticket_has_attendee_info_fields":false,"footnotes":""},"categories":[6,23,3],"tags":[],"class_list":["post-10843","post","type-post","status-publish","format-standard","has-post-thumbnail","hentry","category-deutsch","category-religion","category-fachunterricht"],"_links":{"self":[{"href":"https:\/\/dossenberger.de\/index.php?rest_route=\/wp\/v2\/posts\/10843","targetHints":{"allow":["GET"]}}],"collection":[{"href":"https:\/\/dossenberger.de\/index.php?rest_route=\/wp\/v2\/posts"}],"about":[{"href":"https:\/\/dossenberger.de\/index.php?rest_route=\/wp\/v2\/types\/post"}],"author":[{"embeddable":true,"href":"https:\/\/dossenberger.de\/index.php?rest_route=\/wp\/v2\/users\/2"}],"replies":[{"embeddable":true,"href":"https:\/\/dossenberger.de\/index.php?rest_route=%2Fwp%2Fv2%2Fcomments&post=10843"}],"version-history":[{"count":4,"href":"https:\/\/dossenberger.de\/index.php?rest_route=\/wp\/v2\/posts\/10843\/revisions"}],"predecessor-version":[{"id":10849,"href":"https:\/\/dossenberger.de\/index.php?rest_route=\/wp\/v2\/posts\/10843\/revisions\/10849"}],"wp:featuredmedia":[{"embeddable":true,"href":"https:\/\/dossenberger.de\/index.php?rest_route=\/wp\/v2\/media\/10844"}],"wp:attachment":[{"href":"https:\/\/dossenberger.de\/index.php?rest_route=%2Fwp%2Fv2%2Fmedia&parent=10843"}],"wp:term":[{"taxonomy":"category","embeddable":true,"href":"https:\/\/dossenberger.de\/index.php?rest_route=%2Fwp%2Fv2%2Fcategories&post=10843"},{"taxonomy":"post_tag","embeddable":true,"href":"https:\/\/dossenberger.de\/index.php?rest_route=%2Fwp%2Fv2%2Ftags&post=10843"}],"curies":[{"name":"wp","href":"https:\/\/api.w.org\/{rel}","templated":true}]}}