{"id":11042,"date":"2021-09-18T10:49:33","date_gmt":"2021-09-18T08:49:33","guid":{"rendered":"https:\/\/dossenberger.de\/?p=11042"},"modified":"2021-09-18T10:49:34","modified_gmt":"2021-09-18T08:49:34","slug":"silber-im-radeln","status":"publish","type":"post","link":"https:\/\/dossenberger.de\/?p=11042","title":{"rendered":"Silber im Radeln"},"content":{"rendered":"\n<p>Das Dossenberger-Gymnasium hat diesen Juli mit seinem bisher st\u00e4rkstem Team am Wettbewerb \u201eStadtradeln \u2013 Radeln f\u00fcr ein gutes Klima\u201c teilgenommen. 53 aktive Radler \u2013 verteilt \u00fcber alle Jahrgangsstufen, einschlie\u00dflich einiger Lehrer &#8211; sind im Zeitraum von 3 Wochen im Schnitt 197 km pro Person gefahren. Damit haben wir in diesem Zeitraum 1537 kg CO2 eingespart und waren das zweitaktivste Team in G\u00fcnzburg. Preise: 100 Euro f\u00fcr die Schule sowie f\u00fcr jeden aktiven Teilnehmer einen Regenschutz f\u00fcr den Sattel (bitte bei Frau Gollmitzer abholen).<\/p>\n<p>Iris Gollmitzer<\/p>\n","protected":false},"excerpt":{"rendered":"<p>Das Dossenberger-Gymnasium hat diesen Juli mit seinem bisher st\u00e4rkstem Team am Wettbewerb \u201eStadtradeln \u2013 Radeln f\u00fcr ein gutes Klima\u201c teilgenommen.<\/p>\n","protected":false},"author":2,"featured_media":11043,"comment_status":"closed","ping_status":"closed","sticky":false,"template":"","format":"standard","meta":{"colormag_page_container_layout":"default_layout","colormag_page_sidebar_layout":"default_layout","ngg_post_thumbnail":0,"_price":"","_stock":"","_tribe_ticket_header":"","_tribe_default_ticket_provider":"","_tribe_ticket_capacity":"0","_ticket_start_date":"","_ticket_end_date":"","_tribe_ticket_show_description":"","_tribe_ticket_show_not_going":false,"_tribe_ticket_use_global_stock":"","_tribe_ticket_global_stock_level":"","_global_stock_mode":"","_global_stock_cap":"","_tribe_rsvp_for_event":"","_tribe_ticket_going_count":"","_tribe_ticket_not_going_count":"","_tribe_tickets_list":"[]","_tribe_ticket_has_attendee_info_fields":false,"footnotes":""},"categories":[32,3],"tags":[],"class_list":["post-11042","post","type-post","status-publish","format-standard","has-post-thumbnail","hentry","category-umwelt","category-fachunterricht"],"_links":{"self":[{"href":"https:\/\/dossenberger.de\/index.php?rest_route=\/wp\/v2\/posts\/11042","targetHints":{"allow":["GET"]}}],"collection":[{"href":"https:\/\/dossenberger.de\/index.php?rest_route=\/wp\/v2\/posts"}],"about":[{"href":"https:\/\/dossenberger.de\/index.php?rest_route=\/wp\/v2\/types\/post"}],"author":[{"embeddable":true,"href":"https:\/\/dossenberger.de\/index.php?rest_route=\/wp\/v2\/users\/2"}],"replies":[{"embeddable":true,"href":"https:\/\/dossenberger.de\/index.php?rest_route=%2Fwp%2Fv2%2Fcomments&post=11042"}],"version-history":[{"count":1,"href":"https:\/\/dossenberger.de\/index.php?rest_route=\/wp\/v2\/posts\/11042\/revisions"}],"predecessor-version":[{"id":11044,"href":"https:\/\/dossenberger.de\/index.php?rest_route=\/wp\/v2\/posts\/11042\/revisions\/11044"}],"wp:featuredmedia":[{"embeddable":true,"href":"https:\/\/dossenberger.de\/index.php?rest_route=\/wp\/v2\/media\/11043"}],"wp:attachment":[{"href":"https:\/\/dossenberger.de\/index.php?rest_route=%2Fwp%2Fv2%2Fmedia&parent=11042"}],"wp:term":[{"taxonomy":"category","embeddable":true,"href":"https:\/\/dossenberger.de\/index.php?rest_route=%2Fwp%2Fv2%2Fcategories&post=11042"},{"taxonomy":"post_tag","embeddable":true,"href":"https:\/\/dossenberger.de\/index.php?rest_route=%2Fwp%2Fv2%2Ftags&post=11042"}],"curies":[{"name":"wp","href":"https:\/\/api.w.org\/{rel}","templated":true}]}}