{"id":11189,"date":"2021-10-28T15:59:28","date_gmt":"2021-10-28T13:59:28","guid":{"rendered":"https:\/\/dossenberger.de\/?p=11189"},"modified":"2021-10-28T15:59:53","modified_gmt":"2021-10-28T13:59:53","slug":"ocean-city-mit-christian-tielmann-in-die-zukunft","status":"publish","type":"post","link":"https:\/\/dossenberger.de\/?p=11189","title":{"rendered":"\u201eOcean City\u201c \u2013 mit Christian Tielmann in die Zukunft"},"content":{"rendered":"\n<p>Christian Tielmann, ein bekannter deutscher Kinder- und Jugendbuchautor, war am vergangenen Freitag, den 22.10.21, an unserer Schule zu Gast.<\/p>\n<p><img loading=\"lazy\" decoding=\"async\" class=\"aligncenter wp-image-11191 \" src=\"https:\/\/dossenberger.de\/wp-content\/uploads\/2021\/10\/oceancity2-rotated-e1635429440576.jpg\" alt=\"\" width=\"324\" height=\"486\" srcset=\"https:\/\/dossenberger.de\/wp-content\/uploads\/2021\/10\/oceancity2-rotated-e1635429440576.jpg 427w, https:\/\/dossenberger.de\/wp-content\/uploads\/2021\/10\/oceancity2-rotated-e1635429440576-200x300.jpg 200w\" sizes=\"auto, (max-width: 324px) 100vw, 324px\" \/><\/p>\n<p>In der neuen Aula las er f\u00fcr die Sch\u00fclerinnen und Sch\u00fcler der 6. und 7. Klassen aus seiner Buchreihe \u201eOcean City\u201c, welche er mit Frank Maria Reifenberg unter dem Pseudonym R.T. Acron geschrieben hat. Der erste Band der Reihe, der in ferner Zukunft in einer auf dem Meer treibenden Megacity spielt, war in diesem Schuljahr f\u00fcr alle 6. und 7. Klassen die erste Lekt\u00fcre und nun erhielten die Sch\u00fcler zudem Einblick in den zweiten Teil \u201eOcean City \u2013 Im Versteck des Rebellen\u201c.<\/p>\n<p>Christian Tielmann gestaltete die Lesung humorvoll und spannend. Danach hatten die Sch\u00fcler noch die M\u00f6glichkeit, dem Autor Fragen zu stellen. So erfuhren sie, dass die beiden Autoren immer abwechselnd an einem Buch schreiben und jeder dem anderen seinen Teil schickt, sodass dieser dann korrigiert werden kann.<\/p>\n<p>Urspr\u00fcnglich hatten die beiden Autoren geplant, so erz\u00e4hlte Tielmann, dass die nun drei B\u00fccher \u00fcber drei Staffeln gezogen werden sollten. Das war dem Verlag dann aber zu lange und so sind es schlie\u00dflich drei B\u00e4nde geworden.<\/p>\n<p>Die Sch\u00fcler interessierten sich auch f\u00fcr das Cover des Buches: Dieses wurde von Max Meinzold gestaltet. Durch weitere Fragen erfuhren sie, dass Christian Tielmann neben dem B\u00fccherschreiben gerne joggt und Fahrrad f\u00e4hrt und dass seine Tochter und sein Sohn die meisten seiner B\u00fccher gelesen haben.<\/p>\n<p><img loading=\"lazy\" decoding=\"async\" class=\"aligncenter  wp-image-11192\" src=\"https:\/\/dossenberger.de\/wp-content\/uploads\/2021\/10\/oceancity3.jpg\" alt=\"\" width=\"385\" height=\"385\" srcset=\"https:\/\/dossenberger.de\/wp-content\/uploads\/2021\/10\/oceancity3.jpg 480w, https:\/\/dossenberger.de\/wp-content\/uploads\/2021\/10\/oceancity3-300x300.jpg 300w, https:\/\/dossenberger.de\/wp-content\/uploads\/2021\/10\/oceancity3-150x150.jpg 150w\" sizes=\"auto, (max-width: 385px) 100vw, 385px\" \/><\/p>\n<p>Am Ende der Lesung konnten sich die Anwesenden ihr Buchexemplar vom Autor signieren lassen und man konnte sich vor Ort an einem Stand der Buchhandlung Hutter auch noch die restlichen B\u00e4nde kaufen.<\/p>\n<p><img loading=\"lazy\" decoding=\"async\" class=\"aligncenter  wp-image-11193\" src=\"https:\/\/dossenberger.de\/wp-content\/uploads\/2021\/10\/oceancity4.jpg\" alt=\"\" width=\"476\" height=\"317\" srcset=\"https:\/\/dossenberger.de\/wp-content\/uploads\/2021\/10\/oceancity4.jpg 1254w, https:\/\/dossenberger.de\/wp-content\/uploads\/2021\/10\/oceancity4-300x200.jpg 300w, https:\/\/dossenberger.de\/wp-content\/uploads\/2021\/10\/oceancity4-1024x683.jpg 1024w, https:\/\/dossenberger.de\/wp-content\/uploads\/2021\/10\/oceancity4-768x512.jpg 768w\" sizes=\"auto, (max-width: 476px) 100vw, 476px\" \/><\/p>\n<p style=\"text-align: center;\">Foto:&nbsp; Charlotte Waibel 7a, Sch\u00fclerzeitung<\/p>\n<p>&nbsp;<\/p>\n<p><em>Anselm Horvath, Klasse 7a, Redakteur der Sch\u00fclerzeitung<\/em><\/p>\n","protected":false},"excerpt":{"rendered":"<p>Christian Tielmann, ein bekannter deutscher Kinder- und Jugendbuchautor, war am vergangenen Freitag, den 22.10.21, an unserer Schule zu Gast. In<\/p>\n","protected":false},"author":2,"featured_media":11190,"comment_status":"closed","ping_status":"closed","sticky":false,"template":"","format":"standard","meta":{"colormag_page_container_layout":"default_layout","colormag_page_sidebar_layout":"default_layout","ngg_post_thumbnail":0,"_price":"","_stock":"","_tribe_ticket_header":"","_tribe_default_ticket_provider":"","_tribe_ticket_capacity":"0","_ticket_start_date":"","_ticket_end_date":"","_tribe_ticket_show_description":"","_tribe_ticket_show_not_going":false,"_tribe_ticket_use_global_stock":"","_tribe_ticket_global_stock_level":"","_global_stock_mode":"","_global_stock_cap":"","_tribe_rsvp_for_event":"","_tribe_ticket_going_count":"","_tribe_ticket_not_going_count":"","_tribe_tickets_list":"[]","_tribe_ticket_has_attendee_info_fields":false,"footnotes":""},"categories":[6,3],"tags":[],"class_list":["post-11189","post","type-post","status-publish","format-standard","has-post-thumbnail","hentry","category-deutsch","category-fachunterricht"],"_links":{"self":[{"href":"https:\/\/dossenberger.de\/index.php?rest_route=\/wp\/v2\/posts\/11189","targetHints":{"allow":["GET"]}}],"collection":[{"href":"https:\/\/dossenberger.de\/index.php?rest_route=\/wp\/v2\/posts"}],"about":[{"href":"https:\/\/dossenberger.de\/index.php?rest_route=\/wp\/v2\/types\/post"}],"author":[{"embeddable":true,"href":"https:\/\/dossenberger.de\/index.php?rest_route=\/wp\/v2\/users\/2"}],"replies":[{"embeddable":true,"href":"https:\/\/dossenberger.de\/index.php?rest_route=%2Fwp%2Fv2%2Fcomments&post=11189"}],"version-history":[{"count":1,"href":"https:\/\/dossenberger.de\/index.php?rest_route=\/wp\/v2\/posts\/11189\/revisions"}],"predecessor-version":[{"id":11194,"href":"https:\/\/dossenberger.de\/index.php?rest_route=\/wp\/v2\/posts\/11189\/revisions\/11194"}],"wp:featuredmedia":[{"embeddable":true,"href":"https:\/\/dossenberger.de\/index.php?rest_route=\/wp\/v2\/media\/11190"}],"wp:attachment":[{"href":"https:\/\/dossenberger.de\/index.php?rest_route=%2Fwp%2Fv2%2Fmedia&parent=11189"}],"wp:term":[{"taxonomy":"category","embeddable":true,"href":"https:\/\/dossenberger.de\/index.php?rest_route=%2Fwp%2Fv2%2Fcategories&post=11189"},{"taxonomy":"post_tag","embeddable":true,"href":"https:\/\/dossenberger.de\/index.php?rest_route=%2Fwp%2Fv2%2Ftags&post=11189"}],"curies":[{"name":"wp","href":"https:\/\/api.w.org\/{rel}","templated":true}]}}