{"id":11813,"date":"2022-04-01T17:09:19","date_gmt":"2022-04-01T15:09:19","guid":{"rendered":"https:\/\/dossenberger.de\/?p=11813"},"modified":"2022-04-01T17:09:21","modified_gmt":"2022-04-01T15:09:21","slug":"muellsammelaktion-der-umweltklasse-5bu1","status":"publish","type":"post","link":"https:\/\/dossenberger.de\/?p=11813","title":{"rendered":"M\u00fcllsammelaktion der Umweltklasse 5BU1"},"content":{"rendered":"\n<p>Da auch die Klasse 5BU1 im Deutschunterricht gerade die Lekt\u00fcre \u201eJella hat genug\u201c liest, war der allj\u00e4hrliche Aufruf zur M\u00fcllsammelaktion im Rahmen der Umweltwoche im Landkreis G\u00fcnzburg ein willkommener Anlass, es der Heldin des Buches gleichzutun und M\u00fcll zu sammeln.<\/p>\n<p>Am Donnerstag, den 24.03.2022, packte deshalb die Umweltklasse in den ersten beiden Unterrichtsstunden nicht die Deutschb\u00fccher aus, sondern ihre Arbeitshandschuhe.<\/p>\n<p><img loading=\"lazy\" decoding=\"async\" class=\"aligncenter size-full wp-image-11816\" src=\"https:\/\/dossenberger.de\/wp-content\/uploads\/2022\/04\/IMG_20220324_083950.jpg\" alt=\"\" width=\"640\" height=\"479\" srcset=\"https:\/\/dossenberger.de\/wp-content\/uploads\/2022\/04\/IMG_20220324_083950.jpg 640w, https:\/\/dossenberger.de\/wp-content\/uploads\/2022\/04\/IMG_20220324_083950-300x225.jpg 300w\" sizes=\"auto, (max-width: 640px) 100vw, 640px\" \/><\/p>\n<p>&nbsp;<\/p>\n<p>Alle waren mit Feuereifer dabei und teilten Eimer und Zangen untereinander aus. Schon nach wenigen Metern (bis zu den Einkaufsm\u00e4rkten um die Ecke) hatten die Kinder unglaublich viel M\u00fcll vom Boden und aus Hecken aufgesammelt. Dann f\u00fchrte der Weg weiter die Ichenhauser Stra\u00dfe entlang bis zum Denzinger Bach, unter der B 16 hindurch und von dort zur\u00fcck zur Schule. Die Kinder trennten den M\u00fcll in die Kategorien Plastik, Papier, Glas und Restm\u00fcll. Diese reichten jedoch leider nicht aus, denn sie fanden auch Batterien, einen kaputten Fahrradsattel, eine Radkappe und weitere kuriose Dinge. Alle Eimer wurden gef\u00fcllt bis zum Rand.<\/p>\n<p><img loading=\"lazy\" decoding=\"async\" class=\"aligncenter size-full wp-image-11815\" src=\"https:\/\/dossenberger.de\/wp-content\/uploads\/2022\/04\/IMG_20220324_083523.jpg\" alt=\"\" width=\"640\" height=\"479\" srcset=\"https:\/\/dossenberger.de\/wp-content\/uploads\/2022\/04\/IMG_20220324_083523.jpg 640w, https:\/\/dossenberger.de\/wp-content\/uploads\/2022\/04\/IMG_20220324_083523-300x225.jpg 300w\" sizes=\"auto, (max-width: 640px) 100vw, 640px\" \/><\/p>\n<p>Besonders emp\u00f6rend fand die Klasse, dass sich Unmengen an Zigarettenkippen finden lie\u00dfen und dass oftmals M\u00fcll achtlos auf den Boden geworfen wurde, obwohl nur wenige Meter daneben ein M\u00fclleimer stand. Die Sch\u00fclerinnen und Sch\u00fcler konnten nicht fassen, wie viel M\u00fcll sie in der kurzen Zeit gefunden hatten!<\/p>\n<p>Zwei wichtige Lehren zogen die Kinder am Ende aus ihrer Aktion:<\/p>\n<ol>\n<li>Jeder kann etwas f\u00fcr die Umwelt tun!<\/li>\n<li>Wir sollten achtsam mit der Erde umgehen, denn wir haben nur die eine!<\/li>\n<\/ol>\n<p><img loading=\"lazy\" decoding=\"async\" class=\"aligncenter size-full wp-image-11817\" src=\"https:\/\/dossenberger.de\/wp-content\/uploads\/2022\/04\/IMG_20220324_085049.jpg\" alt=\"\" width=\"479\" height=\"640\" srcset=\"https:\/\/dossenberger.de\/wp-content\/uploads\/2022\/04\/IMG_20220324_085049.jpg 479w, https:\/\/dossenberger.de\/wp-content\/uploads\/2022\/04\/IMG_20220324_085049-225x300.jpg 225w\" sizes=\"auto, (max-width: 479px) 100vw, 479px\" \/><\/p>\n","protected":false},"excerpt":{"rendered":"<p>Da auch die Klasse 5BU1 im Deutschunterricht gerade die Lekt\u00fcre \u201eJella hat genug\u201c liest, war der allj\u00e4hrliche Aufruf zur M\u00fcllsammelaktion<\/p>\n","protected":false},"author":2,"featured_media":11814,"comment_status":"closed","ping_status":"closed","sticky":false,"template":"","format":"standard","meta":{"colormag_page_container_layout":"default_layout","colormag_page_sidebar_layout":"default_layout","ngg_post_thumbnail":0,"_price":"","_stock":"","_tribe_ticket_header":"","_tribe_default_ticket_provider":"","_tribe_ticket_capacity":"0","_ticket_start_date":"","_ticket_end_date":"","_tribe_ticket_show_description":"","_tribe_ticket_show_not_going":false,"_tribe_ticket_use_global_stock":"","_tribe_ticket_global_stock_level":"","_global_stock_mode":"","_global_stock_cap":"","_tribe_rsvp_for_event":"","_tribe_ticket_going_count":"","_tribe_ticket_not_going_count":"","_tribe_tickets_list":"[]","_tribe_ticket_has_attendee_info_fields":false,"footnotes":""},"categories":[32,85,3],"tags":[],"class_list":["post-11813","post","type-post","status-publish","format-standard","has-post-thumbnail","hentry","category-umwelt","category-umweltklasse","category-fachunterricht"],"_links":{"self":[{"href":"https:\/\/dossenberger.de\/index.php?rest_route=\/wp\/v2\/posts\/11813","targetHints":{"allow":["GET"]}}],"collection":[{"href":"https:\/\/dossenberger.de\/index.php?rest_route=\/wp\/v2\/posts"}],"about":[{"href":"https:\/\/dossenberger.de\/index.php?rest_route=\/wp\/v2\/types\/post"}],"author":[{"embeddable":true,"href":"https:\/\/dossenberger.de\/index.php?rest_route=\/wp\/v2\/users\/2"}],"replies":[{"embeddable":true,"href":"https:\/\/dossenberger.de\/index.php?rest_route=%2Fwp%2Fv2%2Fcomments&post=11813"}],"version-history":[{"count":1,"href":"https:\/\/dossenberger.de\/index.php?rest_route=\/wp\/v2\/posts\/11813\/revisions"}],"predecessor-version":[{"id":11818,"href":"https:\/\/dossenberger.de\/index.php?rest_route=\/wp\/v2\/posts\/11813\/revisions\/11818"}],"wp:featuredmedia":[{"embeddable":true,"href":"https:\/\/dossenberger.de\/index.php?rest_route=\/wp\/v2\/media\/11814"}],"wp:attachment":[{"href":"https:\/\/dossenberger.de\/index.php?rest_route=%2Fwp%2Fv2%2Fmedia&parent=11813"}],"wp:term":[{"taxonomy":"category","embeddable":true,"href":"https:\/\/dossenberger.de\/index.php?rest_route=%2Fwp%2Fv2%2Fcategories&post=11813"},{"taxonomy":"post_tag","embeddable":true,"href":"https:\/\/dossenberger.de\/index.php?rest_route=%2Fwp%2Fv2%2Ftags&post=11813"}],"curies":[{"name":"wp","href":"https:\/\/api.w.org\/{rel}","templated":true}]}}