{"id":11871,"date":"2022-04-04T19:47:25","date_gmt":"2022-04-04T17:47:25","guid":{"rendered":"https:\/\/dossenberger.de\/?p=11871"},"modified":"2022-04-04T19:47:27","modified_gmt":"2022-04-04T17:47:27","slug":"aktionskunst-in-der-q12","status":"publish","type":"post","link":"https:\/\/dossenberger.de\/?p=11871","title":{"rendered":"Aktionskunst in der Q12"},"content":{"rendered":"\n<p>Am Mittwoch, den 23. M\u00e4rz 2022, haben die Sch\u00fcler der Q12 ein von ihnen lange geplantes Projekt verwirklicht. W\u00e4hrend der kleinen Pause von 9.55 Uhr bis 10.15 Uhr wurden sowohl Sch\u00fcler als auch Lehrer gleichsam von der Aktion \u00fcberrascht.<\/p>\n<p>Der Kunstkurs von Frau Rembold machte in Zusammenarbeit mit der Umweltklasse auf ein Problem in der Welt aufmerksam. Es geht um die schlechte Behandlung der N\u00e4herinnen und N\u00e4her der Kleidungsindustrie. Die vor allem weiblichen Arbeiter m\u00fcssen bis zu 18 Stunden t\u00e4glich unter den schlechtesten Arbeitsbedingungen arbeiten und erhalten dabei nur einen winzigen Bruchteil des Produktpreises. Um darauf aufmerksam zu machen wurde zun\u00e4chst die Aula in der Stunde vor der Pause auf die Aktion vorbereitet. Tische wurden zur Seite ger\u00e4umt, die gro\u00dfe Leinwand heruntergelassen und Etiketten mit einem durchschnittlichen Produktpreis von 25 \u20ac und dem durchschnittlichen Lohn einer Arbeiterin pro Stunde von ca. 0,10 \u20ac beschriftet. Sp\u00e4ter wurden diese Etiketten an der Kleidung der vorbeikommenden Sch\u00fcler befestigt. Die nun etikettierte Kleidung wurde daraufhin fotografiert und auf die Leinwand projiziert.<\/p>\n<p><img loading=\"lazy\" decoding=\"async\" class=\"aligncenter size-full wp-image-11872\" src=\"https:\/\/dossenberger.de\/wp-content\/uploads\/2022\/04\/T-shirt.jpg\" alt=\"\" width=\"640\" height=\"427\" srcset=\"https:\/\/dossenberger.de\/wp-content\/uploads\/2022\/04\/T-shirt.jpg 640w, https:\/\/dossenberger.de\/wp-content\/uploads\/2022\/04\/T-shirt-300x200.jpg 300w\" sizes=\"auto, (max-width: 640px) 100vw, 640px\" \/><\/p>\n<p>Vor der Leinwand spielte sich der Hauptteil der Aktion ab. Vier Sch\u00fcler und eine Sch\u00fclerin der Q12 sa\u00dfen in Business-Kleidung an einem Tisch und z\u00e4hlten mehrere 100 Euro Scheine, w\u00e4hrend sie auf die Arbeiter vor ihnen herabblickten. Die Arbeiterinnen und Arbeiter wurden von der Umweltklasse verk\u00f6rpert, welche mit Nadel und Faden ausgestattet auf dem Boden sa\u00dfen. W\u00e4hrenddessen liefen im Hintergrund von der Q12 zuvor eingesprochene Nachrichten \u00fcber eingest\u00fcrzte Fabriken von Kleidungsherstellern, bei denen viele Arbeiter schwer verletzt wurden oder sogar t\u00f6dlich verungl\u00fcckt sind. Solche Einst\u00fcrze sind dabei keine Seltenheit. Die Fabriken befinden sich zumeist in Asien und in Osteuropa und bleiben, um Geld zu sparen, zumeist in demselben bauf\u00e4lligen Zustand, in dem sie auch gekauft wurden. Manche Geb\u00e4ude fallen einfach in sich zusammen und begraben die N\u00e4herinnen unter sich, w\u00e4hrend in anderen Feuer ausbrechen, es jedoch keine Fluchtwege gibt. Viele dieser Trag\u00f6dien h\u00e4tten durch richtige Arbeitsschutzbedingungen verhindert werden k\u00f6nnen. Auf genau diese katastrophalen Arbeitsschutzbedingungen und Arbeitsverh\u00e4ltnisse hat der Kunstkurs der Q12 mit seiner Aktionskunst hingewiesen. Auf Nachfrage wurde die Aktion von den Sch\u00fclern als sehr gelungen, au\u00dfergew\u00f6hnlich und sehr cool bezeichnet. Da die Aktion in der Aula stattfand, konnte die Q12 viele Sch\u00fcler erreichen und zum Nachdenken anregen.<\/p>\n<p><em>Cristina Futterknecht, Sch\u00fclerzeitung<\/em><\/p>\n","protected":false},"excerpt":{"rendered":"<p>Am Mittwoch, den 23. M\u00e4rz 2022, haben die Sch\u00fcler der Q12 ein von ihnen lange geplantes Projekt verwirklicht. W\u00e4hrend der<\/p>\n","protected":false},"author":2,"featured_media":11873,"comment_status":"closed","ping_status":"closed","sticky":false,"template":"","format":"standard","meta":{"colormag_page_container_layout":"default_layout","colormag_page_sidebar_layout":"default_layout","ngg_post_thumbnail":0,"_price":"","_stock":"","_tribe_ticket_header":"","_tribe_default_ticket_provider":"","_tribe_ticket_capacity":"0","_ticket_start_date":"","_ticket_end_date":"","_tribe_ticket_show_description":"","_tribe_ticket_show_not_going":false,"_tribe_ticket_use_global_stock":"","_tribe_ticket_global_stock_level":"","_global_stock_mode":"","_global_stock_cap":"","_tribe_rsvp_for_event":"","_tribe_ticket_going_count":"","_tribe_ticket_not_going_count":"","_tribe_tickets_list":"[]","_tribe_ticket_has_attendee_info_fields":false,"footnotes":""},"categories":[15,32,3],"tags":[],"class_list":["post-11871","post","type-post","status-publish","format-standard","has-post-thumbnail","hentry","category-kunst","category-umwelt","category-fachunterricht"],"_links":{"self":[{"href":"https:\/\/dossenberger.de\/index.php?rest_route=\/wp\/v2\/posts\/11871","targetHints":{"allow":["GET"]}}],"collection":[{"href":"https:\/\/dossenberger.de\/index.php?rest_route=\/wp\/v2\/posts"}],"about":[{"href":"https:\/\/dossenberger.de\/index.php?rest_route=\/wp\/v2\/types\/post"}],"author":[{"embeddable":true,"href":"https:\/\/dossenberger.de\/index.php?rest_route=\/wp\/v2\/users\/2"}],"replies":[{"embeddable":true,"href":"https:\/\/dossenberger.de\/index.php?rest_route=%2Fwp%2Fv2%2Fcomments&post=11871"}],"version-history":[{"count":1,"href":"https:\/\/dossenberger.de\/index.php?rest_route=\/wp\/v2\/posts\/11871\/revisions"}],"predecessor-version":[{"id":11874,"href":"https:\/\/dossenberger.de\/index.php?rest_route=\/wp\/v2\/posts\/11871\/revisions\/11874"}],"wp:featuredmedia":[{"embeddable":true,"href":"https:\/\/dossenberger.de\/index.php?rest_route=\/wp\/v2\/media\/11873"}],"wp:attachment":[{"href":"https:\/\/dossenberger.de\/index.php?rest_route=%2Fwp%2Fv2%2Fmedia&parent=11871"}],"wp:term":[{"taxonomy":"category","embeddable":true,"href":"https:\/\/dossenberger.de\/index.php?rest_route=%2Fwp%2Fv2%2Fcategories&post=11871"},{"taxonomy":"post_tag","embeddable":true,"href":"https:\/\/dossenberger.de\/index.php?rest_route=%2Fwp%2Fv2%2Ftags&post=11871"}],"curies":[{"name":"wp","href":"https:\/\/api.w.org\/{rel}","templated":true}]}}