{"id":12042,"date":"2022-06-19T15:50:12","date_gmt":"2022-06-19T13:50:12","guid":{"rendered":"https:\/\/dossenberger.de\/?p=12042"},"modified":"2022-07-06T10:21:18","modified_gmt":"2022-07-06T08:21:18","slug":"dritter-platz-beim-bundeswettbewerb-fremdsprachen","status":"publish","type":"post","link":"https:\/\/dossenberger.de\/?p=12042","title":{"rendered":"Dritter Platz beim Bundeswettbewerb Fremdsprachen:"},"content":{"rendered":"\n\n\n<p>Das Team Tinerfe\u00f1os 1 der Klasse 9a freut sich \u00fcber den dritten Platz beim Bundeswettbewerb Fremdsprachen. Ihr Film \u201eEl concurso de talentos \u2013 los mejores cantantes del mundo hispanohablante\u201c entstand im Rahmen der Vor- und Nachbereitung der m\u00fcndlichen Schulaufgabe im Fach Spanisch bei Frau Unger. Die Sch\u00fclerInnen durften in Vierergruppen je eine\/n spanischsprachigen S\u00e4nger\/in bzw. eine Band repr\u00e4sentieren, deren Bandmitglieder interviewen, Bilder von \u201eihren\u201c Konzerten und aus dem Leben der S\u00e4nger vorstellen und eine Strophe zu einem bekannten Lied des jeweiligen K\u00fcnstlers erfinden und vortragen. Dabei konnten sich die Sch\u00fclerInnen mal von einer anderen Seite zeigen und Talente unter Beweis stellen, die im g\u00e4ngigen Unterricht nicht zur Geltung kommen.<\/p>\n<p>Zus\u00e4tzlich zum Teamwettbewerb nahm die Sch\u00fclerin Nisa Redzheb beim Solo Wettbewerb teil und erreichte mit ihrem sehr gelungenen kreativen Gedichtbeitrag, sowie den Pr\u00fcfungen am Klausurentag, ein erfreuliches Ergebnis.<\/p>\n<p><em>Unger<\/em><\/p>\n","protected":false},"excerpt":{"rendered":"<p>Das Team Tinerfe\u00f1os 1 der Klasse 9a freut sich \u00fcber den dritten Platz beim Bundeswettbewerb Fremdsprachen. Ihr Film \u201eEl concurso<\/p>\n","protected":false},"author":2,"featured_media":12043,"comment_status":"closed","ping_status":"closed","sticky":false,"template":"","format":"standard","meta":{"colormag_page_container_layout":"default_layout","colormag_page_sidebar_layout":"default_layout","ngg_post_thumbnail":0,"_price":"","_stock":"","_tribe_ticket_header":"","_tribe_default_ticket_provider":"","_tribe_ticket_capacity":"0","_ticket_start_date":"","_ticket_end_date":"","_tribe_ticket_show_description":"","_tribe_ticket_show_not_going":false,"_tribe_ticket_use_global_stock":"","_tribe_ticket_global_stock_level":"","_global_stock_mode":"","_global_stock_cap":"","_tribe_rsvp_for_event":"","_tribe_ticket_going_count":"","_tribe_ticket_not_going_count":"","_tribe_tickets_list":"[]","_tribe_ticket_has_attendee_info_fields":false,"footnotes":""},"categories":[27,3],"tags":[],"class_list":["post-12042","post","type-post","status-publish","format-standard","has-post-thumbnail","hentry","category-spanisch","category-fachunterricht"],"_links":{"self":[{"href":"https:\/\/dossenberger.de\/index.php?rest_route=\/wp\/v2\/posts\/12042","targetHints":{"allow":["GET"]}}],"collection":[{"href":"https:\/\/dossenberger.de\/index.php?rest_route=\/wp\/v2\/posts"}],"about":[{"href":"https:\/\/dossenberger.de\/index.php?rest_route=\/wp\/v2\/types\/post"}],"author":[{"embeddable":true,"href":"https:\/\/dossenberger.de\/index.php?rest_route=\/wp\/v2\/users\/2"}],"replies":[{"embeddable":true,"href":"https:\/\/dossenberger.de\/index.php?rest_route=%2Fwp%2Fv2%2Fcomments&post=12042"}],"version-history":[{"count":1,"href":"https:\/\/dossenberger.de\/index.php?rest_route=\/wp\/v2\/posts\/12042\/revisions"}],"predecessor-version":[{"id":12044,"href":"https:\/\/dossenberger.de\/index.php?rest_route=\/wp\/v2\/posts\/12042\/revisions\/12044"}],"wp:featuredmedia":[{"embeddable":true,"href":"https:\/\/dossenberger.de\/index.php?rest_route=\/wp\/v2\/media\/12043"}],"wp:attachment":[{"href":"https:\/\/dossenberger.de\/index.php?rest_route=%2Fwp%2Fv2%2Fmedia&parent=12042"}],"wp:term":[{"taxonomy":"category","embeddable":true,"href":"https:\/\/dossenberger.de\/index.php?rest_route=%2Fwp%2Fv2%2Fcategories&post=12042"},{"taxonomy":"post_tag","embeddable":true,"href":"https:\/\/dossenberger.de\/index.php?rest_route=%2Fwp%2Fv2%2Ftags&post=12042"}],"curies":[{"name":"wp","href":"https:\/\/api.w.org\/{rel}","templated":true}]}}