{"id":12169,"date":"2022-07-18T13:25:09","date_gmt":"2022-07-18T11:25:09","guid":{"rendered":"https:\/\/dossenberger.de\/?p=12169"},"modified":"2022-08-07T20:48:46","modified_gmt":"2022-08-07T18:48:46","slug":"kopfrechenwettbewerb-fuer-die-5-klassen","status":"publish","type":"post","link":"https:\/\/dossenberger.de\/?p=12169","title":{"rendered":"Kopfrechenwettbewerb f\u00fcr die 5. Klassen"},"content":{"rendered":"\n<p>Am 15.07.2022 stand der Endentscheid des Kopfrechenwettbewerbs f\u00fcr die 5. Klassen an. Dazu f\u00fchrten alle Klassen bereits in der Vorwoche Klassenentscheide durch, bei denen ermittelt wurde, welche zwei Sch\u00fclerinnen oder Sch\u00fcler am schnellsten und vor allem auch richtig Kopfrechen k\u00f6nnen und die Klasse deshalb vertreten durften.<\/p>\n<p><img loading=\"lazy\" decoding=\"async\" class=\"aligncenter size-full wp-image-12171\" src=\"https:\/\/dossenberger.de\/wp-content\/uploads\/2022\/07\/Kopf2022-2.jpg\" alt=\"\" width=\"640\" height=\"413\" srcset=\"https:\/\/dossenberger.de\/wp-content\/uploads\/2022\/07\/Kopf2022-2.jpg 640w, https:\/\/dossenberger.de\/wp-content\/uploads\/2022\/07\/Kopf2022-2-300x194.jpg 300w\" sizes=\"auto, (max-width: 640px) 100vw, 640px\" \/><\/p>\n<p>F\u00fcr die 5a traten Sebastian Haas und Florian Hoser (Nachr\u00fccker f\u00fcr Matthias Baur) an, die 5Bu1 schickte Julius Eppler und Ben Stobbe ins Rennen, die 5Bu2 wurde vertreten durch Adrian Thei\u00dfen und Joris Lenzer, aus der 5c nahmen Ruslan Mohamad Hanifi und Johannes Horvath teil und f\u00fcr die 5d rechneten Yael Beau und Miray \u00d6zdemir (Nachr\u00fccker f\u00fcr Kai S\u00f6ll).<\/p>\n<p><img loading=\"lazy\" decoding=\"async\" class=\"aligncenter size-full wp-image-12172\" src=\"https:\/\/dossenberger.de\/wp-content\/uploads\/2022\/07\/Kopf2022-3.jpg\" alt=\"\" width=\"640\" height=\"427\" srcset=\"https:\/\/dossenberger.de\/wp-content\/uploads\/2022\/07\/Kopf2022-3.jpg 640w, https:\/\/dossenberger.de\/wp-content\/uploads\/2022\/07\/Kopf2022-3-300x200.jpg 300w\" sizes=\"auto, (max-width: 640px) 100vw, 640px\" \/><\/p>\n<p>Diese Klassensieger versammelten sich dann in der Aula, um ihr K\u00f6nnen unter Beweis zu stellen. F\u00fcr eine gro\u00dfe Menge an Motivation und Stimmung sorgten alle anderen 5. Kl\u00e4ssler, die ihre Klassenkameraden lautstark und mit Plakaten anfeuern durften. Nur w\u00e4hrend den Rechenphasen war absolute Ruhe gefordert, damit sich alle bestm\u00f6glich konzentrieren konnten. In vier Runden konnten die Sch\u00fclerinnen und Sch\u00fcler nach Schnelligkeit gestaffelte Punkte erzielen, woraus dann am Ende die Gesamtsieger ermittelt wurden. F\u00fcr die Platzierung der ersten beiden Kopfrechenk\u00fcnstler war am Ende sogar ein Stechen notwendig, das schlie\u00dflich Ruslan Mohamad Hanifi f\u00fcr sich entschied und somit als erster Platz einen 25\u20ac-Gutschein von der Buchhandlung Hutter gewann. Sebastian Haas durfte sich als Zweitplatzierter \u00fcber einen 20\u20ac-B\u00fcchergutschein freuen und den dritten Platz erreichte Johannes Horvath und bekam f\u00fcr seine Leistungen einen 15\u20ac-Gutschein \u00fcberreicht.<\/p>\n<p><em>Zill<\/em><\/p>\n","protected":false},"excerpt":{"rendered":"<p>Am 15.07.2022 stand der Endentscheid des Kopfrechenwettbewerbs f\u00fcr die 5. Klassen an. Dazu f\u00fchrten alle Klassen bereits in der Vorwoche<\/p>\n","protected":false},"author":2,"featured_media":12170,"comment_status":"closed","ping_status":"closed","sticky":false,"template":"","format":"standard","meta":{"colormag_page_container_layout":"default_layout","colormag_page_sidebar_layout":"default_layout","ngg_post_thumbnail":0,"_price":"","_stock":"","_tribe_ticket_header":"","_tribe_default_ticket_provider":"","_tribe_ticket_capacity":"0","_ticket_start_date":"","_ticket_end_date":"","_tribe_ticket_show_description":"","_tribe_ticket_show_not_going":false,"_tribe_ticket_use_global_stock":"","_tribe_ticket_global_stock_level":"","_global_stock_mode":"","_global_stock_cap":"","_tribe_rsvp_for_event":"","_tribe_ticket_going_count":"","_tribe_ticket_not_going_count":"","_tribe_tickets_list":"[]","_tribe_ticket_has_attendee_info_fields":false,"footnotes":""},"categories":[17,3],"tags":[],"class_list":["post-12169","post","type-post","status-publish","format-standard","has-post-thumbnail","hentry","category-mathematik","category-fachunterricht"],"_links":{"self":[{"href":"https:\/\/dossenberger.de\/index.php?rest_route=\/wp\/v2\/posts\/12169","targetHints":{"allow":["GET"]}}],"collection":[{"href":"https:\/\/dossenberger.de\/index.php?rest_route=\/wp\/v2\/posts"}],"about":[{"href":"https:\/\/dossenberger.de\/index.php?rest_route=\/wp\/v2\/types\/post"}],"author":[{"embeddable":true,"href":"https:\/\/dossenberger.de\/index.php?rest_route=\/wp\/v2\/users\/2"}],"replies":[{"embeddable":true,"href":"https:\/\/dossenberger.de\/index.php?rest_route=%2Fwp%2Fv2%2Fcomments&post=12169"}],"version-history":[{"count":1,"href":"https:\/\/dossenberger.de\/index.php?rest_route=\/wp\/v2\/posts\/12169\/revisions"}],"predecessor-version":[{"id":12173,"href":"https:\/\/dossenberger.de\/index.php?rest_route=\/wp\/v2\/posts\/12169\/revisions\/12173"}],"wp:featuredmedia":[{"embeddable":true,"href":"https:\/\/dossenberger.de\/index.php?rest_route=\/wp\/v2\/media\/12170"}],"wp:attachment":[{"href":"https:\/\/dossenberger.de\/index.php?rest_route=%2Fwp%2Fv2%2Fmedia&parent=12169"}],"wp:term":[{"taxonomy":"category","embeddable":true,"href":"https:\/\/dossenberger.de\/index.php?rest_route=%2Fwp%2Fv2%2Fcategories&post=12169"},{"taxonomy":"post_tag","embeddable":true,"href":"https:\/\/dossenberger.de\/index.php?rest_route=%2Fwp%2Fv2%2Ftags&post=12169"}],"curies":[{"name":"wp","href":"https:\/\/api.w.org\/{rel}","templated":true}]}}