{"id":12785,"date":"2023-03-06T14:12:38","date_gmt":"2023-03-06T13:12:38","guid":{"rendered":"https:\/\/dossenberger.de\/?p=12785"},"modified":"2023-03-28T13:08:57","modified_gmt":"2023-03-28T11:08:57","slug":"umweltschule-international","status":"publish","type":"post","link":"https:\/\/dossenberger.de\/?p=12785","title":{"rendered":"Umweltschule international"},"content":{"rendered":"\n\n\n<p><strong>Sch\u00fclerInnen des Dossenberger-Gymnasiums pflanzen im Rahmen ihres Sch\u00fcleraustausches auf Teneriffa einen \u201eAustausch-Papayabaum\u201c<\/strong><\/p>\n<p>Dieses Jahr k\u00f6nnen am Dossenberger-Gymnasium endlich wieder die Sch\u00fcleraustausche mit Italien, Frankreich und Spanien real durchgef\u00fchrt werden. Einige Spanischsch\u00fclerInnen hatten nun die Gelegenheit, mit ihren Briefpartnern, die sie w\u00e4hrend der Pandemie mit Hilfe von \u201eechten\u201c Briefwechseln und sowie Onlineprojekten zum Teil bereits kennen lernen konnten, tats\u00e4chlich auf Teneriffa zu leben. Dort waren die deutschen Sch\u00fclerInnen als Repr\u00e4sentanten der deutschen Kultur, z.B. mit Hilfe von Referaten in den Unterrichtsalltag an ihrer Partnerschule \u201eViera y Clavijo\u201c in der Stadt La Laguna integriert. Die Dossenberger-Sch\u00fclerInnen durften im Rahmen ihres Umweltschulenprogramms im spanischen Schulgarten Kr\u00e4uter und Gem\u00fcsebeete anlegen und als Symbol der Partnerschaft sogar einen Papayabaum anpflanzen. Daneben unternahmen sie unter anderem Ausfl\u00fcge zum Teide, zur Palmensammlung des \u201ePalmetum\u201c und zum Karnevalsmuseum von Santa Cruz &#8211; und nat\u00fcrlich ans Meer.<\/p>\n<p>In nur wenigen Wochen werden die Inselbewohner das Dossenberger-Gymnasium besuchen und dabei mit ihren neuen Freuden ein Kontrastprogramm mit Ausfl\u00fcgen in den Schnee erleben. Frau Unger, die den Sch\u00fcleraustausch organisiert, freut sich dar\u00fcber, dass es auch nach wie vor Unterst\u00fctzung durch F\u00f6rderprogramme des bayerischen Jugendrings gibt, denn als Fremdsprachenlehrerin beobachtet sie, wie wertvoll ein Sch\u00fcleraustausch beim Erlernen der Fremdsprache ist und oft Erinnerungen und Freunde f\u00fcr\u00b4s Leben gewonnen werden.<\/p>\n<p>&nbsp;<\/p>\n<h4>Sch\u00fcleraustausch auf Teneriffa<\/h4>\n<p>Am Dienstagmorgen ging es f\u00fcr uns, ein paar Sch\u00fcler aus der 10. und 11. Klasse, auf den Weg nach Teneriffa. Dort sind wir bei knapp 20\u00b0 aus dem Flugzeug ausgestiegen und wurden nach einer l\u00e4ngeren Busfahrt an unserer Partnerschule von unseren Gastfamilien herzlich in Empfang genommen. Sowohl wir als auch die Spanier waren alle ziemlich aufgeregt, aber wir haben uns sehr gefreut sie endlich pers\u00f6nlich kennenzulernen und waren mehr als bereit dazu, zu schauen, was die Woche bringt.<\/p>\n<p>An unserem richtigen ersten Tag durften wir in die Schule und wurden von deren sehr netten Schulleiter begr\u00fc\u00dft. Auch den Unterricht durften wir besuchen. Es gab viele Unterschiede zu unserer Schule, sowohl wie der Unterricht gef\u00fchrt wurde, als auch die allgemeinen Regeln an der Schule. Aber nat\u00fcrlich waren wir nicht jeden Tag in der Schule &#8211; wir haben sehr viel erlebt in dieser Woche.<\/p>\n<p>Es gab zum Beispiel eine Stadtrallye, bei der wir sehr interessante Informationen \u00fcber Teneriffa und die spanische Kultur gelernt haben. Ab und zu mussten wir unsere Austauschpartner antreiben sich fertig zu machen, damit wir p\u00fcnktlich ankommen, was gar nicht so leicht war, denn Spanier haben es nicht so mit der P\u00fcnktlichkeit:) Auch die Hauptstadt von Teneriffa, Santa Cruz, haben wir besucht. Eine F\u00fchrung durch das Palmetum durfte dabei nicht fehlen. Dort gab es die verschiedensten Arten von Palmen aus aller Welt. Fasching ist auf der Insel eines der wichtigsten Feste und wird demnach gro\u00df gefeiert. Deshalb haben wir danach das &#8220;Museo del Carnaval&#8221; besucht und die faszinierendsten Kost\u00fcme gesehen.<\/p>\n<p>Am Freitag gab es einen Wassertag mit verschiedenen Aktionen im Wasser, wie zum Beispiel Kajak fahren, Wasserski und Schnorcheln. Am Wochende haben wir uns als Gruppe im Siam Park getroffen, ein Wasserpark, der mehrmals als der beste der Welt ausgezeichnet worden ist. <br>Den Sonntag haben wir mit der Familie verbracht.<\/p>\n<p><img loading=\"lazy\" decoding=\"async\" class=\"aligncenter size-full wp-image-12787\" src=\"https:\/\/dossenberger.de\/wp-content\/uploads\/2023\/03\/wasser2023.jpg\" alt=\"\" width=\"640\" height=\"369\" srcset=\"https:\/\/dossenberger.de\/wp-content\/uploads\/2023\/03\/wasser2023.jpg 640w, https:\/\/dossenberger.de\/wp-content\/uploads\/2023\/03\/wasser2023-300x173.jpg 300w\" sizes=\"auto, (max-width: 640px) 100vw, 640px\" \/><\/p>\n<p>Am Montag war traurigerweise der vorletzte Tag. Abends waren wir alle gemeinsam beim Churros essen und sind anschlie\u00dfend noch ein bisschen durch die Stra\u00dfen von La Laguna spaziert und waren schon sehr traurig, dass es am n\u00e4chsten Tag wieder nach Hause geht. Am Dienstag ging es wieder heim. Am Morgen wurden noch die restlichen Sachen zusammengepackt und wir mussten uns von unseren Gasteltern verabschieden.<\/p>\n<p>In der Schule gab es ein gemeinsames Picknick, ein letztes Foto vor der Schule und die vorerst letzten Umarmungen, die nicht gerade leicht waren: auf dem Weg zum Bus kullerten schon die ersten Tr\u00e4nen und die meisten von uns w\u00e4ren am liebsten dort geblieben.<\/p>\n<p>Man glaubt gar nicht, wie schnell einem die Austauschpartner ans Herz wachsen und wir sind unfassbar dankbar die Erfahrungen und Erlebnisse dort gesammelt zu haben.<\/p>\n<p>Sch\u00f6n, dass uns der bayerische Jugendring finanziell unterst\u00fctzt!<\/p>\n<p><em>Mona, 10a<\/em><\/p>\n","protected":false},"excerpt":{"rendered":"<p>Sch\u00fclerInnen des Dossenberger-Gymnasiums pflanzen im Rahmen ihres Sch\u00fcleraustausches auf Teneriffa einen \u201eAustausch-Papayabaum\u201c Dieses Jahr k\u00f6nnen am Dossenberger-Gymnasium endlich wieder die<\/p>\n","protected":false},"author":2,"featured_media":12786,"comment_status":"closed","ping_status":"closed","sticky":false,"template":"","format":"standard","meta":{"colormag_page_container_layout":"default_layout","colormag_page_sidebar_layout":"default_layout","ngg_post_thumbnail":0,"_price":"","_stock":"","_tribe_ticket_header":"","_tribe_default_ticket_provider":"","_tribe_ticket_capacity":"0","_ticket_start_date":"","_ticket_end_date":"","_tribe_ticket_show_description":"","_tribe_ticket_show_not_going":false,"_tribe_ticket_use_global_stock":"","_tribe_ticket_global_stock_level":"","_global_stock_mode":"","_global_stock_cap":"","_tribe_rsvp_for_event":"","_tribe_ticket_going_count":"","_tribe_ticket_not_going_count":"","_tribe_tickets_list":"[]","_tribe_ticket_has_attendee_info_fields":false,"footnotes":""},"categories":[27,3],"tags":[],"class_list":["post-12785","post","type-post","status-publish","format-standard","has-post-thumbnail","hentry","category-spanisch","category-fachunterricht"],"_links":{"self":[{"href":"https:\/\/dossenberger.de\/index.php?rest_route=\/wp\/v2\/posts\/12785","targetHints":{"allow":["GET"]}}],"collection":[{"href":"https:\/\/dossenberger.de\/index.php?rest_route=\/wp\/v2\/posts"}],"about":[{"href":"https:\/\/dossenberger.de\/index.php?rest_route=\/wp\/v2\/types\/post"}],"author":[{"embeddable":true,"href":"https:\/\/dossenberger.de\/index.php?rest_route=\/wp\/v2\/users\/2"}],"replies":[{"embeddable":true,"href":"https:\/\/dossenberger.de\/index.php?rest_route=%2Fwp%2Fv2%2Fcomments&post=12785"}],"version-history":[{"count":1,"href":"https:\/\/dossenberger.de\/index.php?rest_route=\/wp\/v2\/posts\/12785\/revisions"}],"predecessor-version":[{"id":12788,"href":"https:\/\/dossenberger.de\/index.php?rest_route=\/wp\/v2\/posts\/12785\/revisions\/12788"}],"wp:featuredmedia":[{"embeddable":true,"href":"https:\/\/dossenberger.de\/index.php?rest_route=\/wp\/v2\/media\/12786"}],"wp:attachment":[{"href":"https:\/\/dossenberger.de\/index.php?rest_route=%2Fwp%2Fv2%2Fmedia&parent=12785"}],"wp:term":[{"taxonomy":"category","embeddable":true,"href":"https:\/\/dossenberger.de\/index.php?rest_route=%2Fwp%2Fv2%2Fcategories&post=12785"},{"taxonomy":"post_tag","embeddable":true,"href":"https:\/\/dossenberger.de\/index.php?rest_route=%2Fwp%2Fv2%2Ftags&post=12785"}],"curies":[{"name":"wp","href":"https:\/\/api.w.org\/{rel}","templated":true}]}}