{"id":12844,"date":"2023-03-28T13:03:48","date_gmt":"2023-03-28T11:03:48","guid":{"rendered":"https:\/\/dossenberger.de\/?p=12844"},"modified":"2023-04-23T06:39:53","modified_gmt":"2023-04-23T04:39:53","slug":"schueleraustausch-mit-unserer-partnerschule-auf-teneriffa","status":"publish","type":"post","link":"https:\/\/dossenberger.de\/?p=12844","title":{"rendered":"Sch\u00fcleraustausch mit unserer Partnerschule auf Teneriffa"},"content":{"rendered":"\n\n\n<p>Seit unserer R\u00fcckkehr von Teneriffa haben wir, zehn Sch\u00fcler aus der 10a und Q11, etwa einen Monat lang sehnlichst auf das Wiedersehen mit unseren Austauschpartner hin gefiebert und diese schlie\u00dflich in der Nacht des 17.03. am Dossi in Empfang nehmen d\u00fcrfen.<\/p>\n<p>Trotz der anstrengenden Reise stand unseren spanischen Freunden ein ereignisreiches Wochenende bevor: So bekamen wir von der Familie Kuhn, welche das Luftfahrtunternehmen AIR-lebnis leitet, gro\u00dfz\u00fcgigerweise eine Ballonfahrt angeboten, die uns einen einzigartigen Blick auf unseren Landkreis und seine Umgebung erm\u00f6glichte. Au\u00dferdem wurden unter anderem Ausfl\u00fcge mit den Austauschfamilien nach F\u00fcssen (Schloss Neuschwanstein) oder Ulm (Ullmer M\u00fcnster) unternommen.<\/p>\n<table style=\"border-collapse: collapse; width: 100%;\">\n<tbody>\n<tr>\n<td style=\"width: 50%;\"><img loading=\"lazy\" decoding=\"async\" class=\"alignleft  wp-image-12848\" src=\"https:\/\/dossenberger.de\/wp-content\/uploads\/2023\/03\/Ballonfahren.jpg\" alt=\"\" width=\"246\" height=\"438\" srcset=\"https:\/\/dossenberger.de\/wp-content\/uploads\/2023\/03\/Ballonfahren.jpg 450w, https:\/\/dossenberger.de\/wp-content\/uploads\/2023\/03\/Ballonfahren-169x300.jpg 169w\" sizes=\"auto, (max-width: 246px) 100vw, 246px\" \/><\/td>\n<td style=\"width: 50%;\"><img loading=\"lazy\" decoding=\"async\" class=\"alignleft size-full wp-image-12849\" src=\"https:\/\/dossenberger.de\/wp-content\/uploads\/2023\/03\/Ballonfahrt.jpg\" alt=\"\" width=\"800\" height=\"600\" srcset=\"https:\/\/dossenberger.de\/wp-content\/uploads\/2023\/03\/Ballonfahrt.jpg 800w, https:\/\/dossenberger.de\/wp-content\/uploads\/2023\/03\/Ballonfahrt-300x225.jpg 300w, https:\/\/dossenberger.de\/wp-content\/uploads\/2023\/03\/Ballonfahrt-768x576.jpg 768w\" sizes=\"auto, (max-width: 800px) 100vw, 800px\" \/><\/td>\n<\/tr>\n<\/tbody>\n<\/table>\n<p>Am Montag war eine Stadtrallye durch G\u00fcnzburg geplant, bei der wir in Gruppen bestehend aus Sch\u00fclern der 9. Jahrgangsstufe, den Tinerfe\u00f1os und uns, unsere Heimat noch besser kennenlernen konnten. In den folgenden Tagen standen weiterhin spannende Aktionen auf dem Programm, darunter Kart fahren, Eislaufen und 3D Minigolf.<\/p>\n<p><img loading=\"lazy\" decoding=\"async\" class=\"aligncenter size-full wp-image-12850\" src=\"https:\/\/dossenberger.de\/wp-content\/uploads\/2023\/03\/Empfang-bei-Hernn-Lang.jpg\" alt=\"\" width=\"800\" height=\"424\" srcset=\"https:\/\/dossenberger.de\/wp-content\/uploads\/2023\/03\/Empfang-bei-Hernn-Lang.jpg 800w, https:\/\/dossenberger.de\/wp-content\/uploads\/2023\/03\/Empfang-bei-Hernn-Lang-300x159.jpg 300w, https:\/\/dossenberger.de\/wp-content\/uploads\/2023\/03\/Empfang-bei-Hernn-Lang-768x407.jpg 768w\" sizes=\"auto, (max-width: 800px) 100vw, 800px\" \/><\/p>\n<p>Zudem war am darauffolgenden Tag eine Fahrt mit dem Zug nach M\u00fcnchen angesagt, wo wir ber\u00fchmte Sehensw\u00fcrdigkeiten wie den Stachus, die Frauenkirche, das Rathaus, die Residenz und die Eisbachwelle besichtigten. Anschlie\u00dfend hielten wir uns noch l\u00e4nger in Bayerns Hauptstadt auf, um dort durch die Einkaufsgassen zu schlendern und gemeinsam Mittag zu essen.<\/p>\n<p><img loading=\"lazy\" decoding=\"async\" class=\"aligncenter size-full wp-image-12851\" src=\"https:\/\/dossenberger.de\/wp-content\/uploads\/2023\/03\/Residenz-Muenchen.jpg\" alt=\"\" width=\"800\" height=\"600\" srcset=\"https:\/\/dossenberger.de\/wp-content\/uploads\/2023\/03\/Residenz-Muenchen.jpg 800w, https:\/\/dossenberger.de\/wp-content\/uploads\/2023\/03\/Residenz-Muenchen-300x225.jpg 300w, https:\/\/dossenberger.de\/wp-content\/uploads\/2023\/03\/Residenz-Muenchen-768x576.jpg 768w\" sizes=\"auto, (max-width: 800px) 100vw, 800px\" \/><\/p>\n<p>Am n\u00e4chsten Morgen brachen wir dann schon fr\u00fch in Richtung Allg\u00e4u auf, weil nahe Oberstdorf f\u00fcr uns ein \u201eBlue Day\u201c mit verschiedensten Wintersportaktivit\u00e4ten wie Zipfelbob-, Skifox-, Snowbike- und Ski-Bockerlfahren anstand. Auch eine ausgiebige Schneeballschlacht durfte nicht fehlen und so sorgte die herrliche Bergsonne (neben dem ein oder anderen Sonnenbrand) auch f\u00fcr ein unvergessliches Erlebnis.<\/p>\n<table style=\"border-collapse: collapse; width: 100%;\">\n<tbody>\n<tr>\n<td style=\"width: 50%;\"><img loading=\"lazy\" decoding=\"async\" class=\"alignleft  wp-image-12852\" src=\"https:\/\/dossenberger.de\/wp-content\/uploads\/2023\/03\/beim-Bobfahren.jpg\" alt=\"\" width=\"437\" height=\"327\" srcset=\"https:\/\/dossenberger.de\/wp-content\/uploads\/2023\/03\/beim-Bobfahren.jpg 800w, https:\/\/dossenberger.de\/wp-content\/uploads\/2023\/03\/beim-Bobfahren-300x225.jpg 300w, https:\/\/dossenberger.de\/wp-content\/uploads\/2023\/03\/beim-Bobfahren-768x576.jpg 768w\" sizes=\"auto, (max-width: 437px) 100vw, 437px\" \/><\/td>\n<td style=\"width: 50%;\"><img loading=\"lazy\" decoding=\"async\" class=\"alignleft  wp-image-12853\" src=\"https:\/\/dossenberger.de\/wp-content\/uploads\/2023\/03\/Snowbikes-2.jpg\" alt=\"\" width=\"431\" height=\"323\" srcset=\"https:\/\/dossenberger.de\/wp-content\/uploads\/2023\/03\/Snowbikes-2.jpg 800w, https:\/\/dossenberger.de\/wp-content\/uploads\/2023\/03\/Snowbikes-2-300x225.jpg 300w, https:\/\/dossenberger.de\/wp-content\/uploads\/2023\/03\/Snowbikes-2-768x576.jpg 768w\" sizes=\"auto, (max-width: 431px) 100vw, 431px\" \/><\/td>\n<\/tr>\n<\/tbody>\n<\/table>\n<p>Nat\u00fcrlich erhielten unsere spanischen Austauschpartner einen detaillierten Einblick in unseren Alltag und Freundeskreis, weshalb sie uns bei unterschiedlichen Hobbys und Familienfeiern begleiten durften. Doch leider r\u00fcckte das Ende der Woche schon bald in greifbare N\u00e4he und wir mussten uns bereits am Donnerstag zu einem Abschiedsessen in der Linde in Deffingen zusammenfinden, bei welchem wir die letzten Stunden zusammen beim Bowlen genossen, bevor es am Morgen des 24.03. \u201eAdi\u00f3s\u201c hie\u00df.<\/p>\n<p>Denn obwohl kaum ein Auge trocken blieb, k\u00f6nnen wir jetzt auf eine Zeit voller gro\u00dfartiger Erlebnisse zur\u00fcckblicken, an die wir uns noch ewig zur\u00fcckerinnern d\u00fcrfen und die aus Unbekannten Freunde f\u00fcrs Leben gemacht hat. Wir sind \u00e4u\u00dferst dankbar f\u00fcr die Unterst\u00fctzung durch den bayerischen Jugendring, wodurch die Reisekosten f\u00fcr einige erst stemmbar wurden.<\/p>\n<p>Die n\u00e4chsten Urlaubsreisen nach Teneriffa sind schon in Planung!<\/p>\n<p><em>Emma Kugler, 10a<\/em><\/p>\n","protected":false},"excerpt":{"rendered":"<p>Seit unserer R\u00fcckkehr von Teneriffa haben wir, zehn Sch\u00fcler aus der 10a und Q11, etwa einen Monat lang sehnlichst auf<\/p>\n","protected":false},"author":2,"featured_media":12845,"comment_status":"closed","ping_status":"closed","sticky":false,"template":"","format":"standard","meta":{"colormag_page_container_layout":"default_layout","colormag_page_sidebar_layout":"default_layout","ngg_post_thumbnail":0,"_price":"","_stock":"","_tribe_ticket_header":"","_tribe_default_ticket_provider":"","_tribe_ticket_capacity":"0","_ticket_start_date":"","_ticket_end_date":"","_tribe_ticket_show_description":"","_tribe_ticket_show_not_going":false,"_tribe_ticket_use_global_stock":"","_tribe_ticket_global_stock_level":"","_global_stock_mode":"","_global_stock_cap":"","_tribe_rsvp_for_event":"","_tribe_ticket_going_count":"","_tribe_ticket_not_going_count":"","_tribe_tickets_list":"[]","_tribe_ticket_has_attendee_info_fields":false,"footnotes":""},"categories":[27,3],"tags":[],"class_list":["post-12844","post","type-post","status-publish","format-standard","has-post-thumbnail","hentry","category-spanisch","category-fachunterricht"],"_links":{"self":[{"href":"https:\/\/dossenberger.de\/index.php?rest_route=\/wp\/v2\/posts\/12844","targetHints":{"allow":["GET"]}}],"collection":[{"href":"https:\/\/dossenberger.de\/index.php?rest_route=\/wp\/v2\/posts"}],"about":[{"href":"https:\/\/dossenberger.de\/index.php?rest_route=\/wp\/v2\/types\/post"}],"author":[{"embeddable":true,"href":"https:\/\/dossenberger.de\/index.php?rest_route=\/wp\/v2\/users\/2"}],"replies":[{"embeddable":true,"href":"https:\/\/dossenberger.de\/index.php?rest_route=%2Fwp%2Fv2%2Fcomments&post=12844"}],"version-history":[{"count":2,"href":"https:\/\/dossenberger.de\/index.php?rest_route=\/wp\/v2\/posts\/12844\/revisions"}],"predecessor-version":[{"id":12854,"href":"https:\/\/dossenberger.de\/index.php?rest_route=\/wp\/v2\/posts\/12844\/revisions\/12854"}],"wp:featuredmedia":[{"embeddable":true,"href":"https:\/\/dossenberger.de\/index.php?rest_route=\/wp\/v2\/media\/12845"}],"wp:attachment":[{"href":"https:\/\/dossenberger.de\/index.php?rest_route=%2Fwp%2Fv2%2Fmedia&parent=12844"}],"wp:term":[{"taxonomy":"category","embeddable":true,"href":"https:\/\/dossenberger.de\/index.php?rest_route=%2Fwp%2Fv2%2Fcategories&post=12844"},{"taxonomy":"post_tag","embeddable":true,"href":"https:\/\/dossenberger.de\/index.php?rest_route=%2Fwp%2Fv2%2Ftags&post=12844"}],"curies":[{"name":"wp","href":"https:\/\/api.w.org\/{rel}","templated":true}]}}