{"id":12964,"date":"2023-05-14T08:18:35","date_gmt":"2023-05-14T06:18:35","guid":{"rendered":"https:\/\/dossenberger.de\/?p=12964"},"modified":"2023-05-20T07:15:43","modified_gmt":"2023-05-20T05:15:43","slug":"der-kinosaal-als-klassenzimmer","status":"publish","type":"post","link":"https:\/\/dossenberger.de\/?p=12964","title":{"rendered":"Der Kinosaal als Klassenzimmer"},"content":{"rendered":"\n\n\n<p>Ende M\u00e4rz plante die Klasse 6bU2 im Rahmen der bayerischen Schulkinowochen eine Vorstellung des Kinofilmes \u201eAls Hitler das rosa Kaninchen stahl\u201c im BiiGZ Kino in G\u00fcnzburg zu besuchen. Doch bevor Sie das taten, bereiteten sich die Sch\u00fcler gut auf den Film vor. Die Klasse sah sich den Trailer an und redete dar\u00fcber, wer die Nationalsozialisten \u00fcberhaupt waren und was f\u00fcr Absichten sie hatten. Auch durften die Sch\u00fcler dazu im Computerraum eigenst\u00e4ndig verschiedene Informationen auf vorgegebenen Plattformen suchen.<\/p>\n<p>Am 27.3. war es nach der ersten Stunde auch schon so weit und die Klasse machte sich auf einen 10-min\u00fctigen Fu\u00dfmarsch zum BiiGZ Kino in G\u00fcnzburg. Dort angekommen, suchte sich jeder einen Platz und die Klasse wurde vom Filmp\u00e4dagogen Herrn Wegerer von der Initiative Vision Kino begr\u00fc\u00dft. Dieser besprach mit der Klasse noch ein paar allgemeine Fakten \u00fcber die NS-Zeit und erkl\u00e4rte ihnen, worauf Sie im Film besonders achten sollten. Nach der Einf\u00fchrung ging es auch schon los. Hauptfigur des Films ist das neunj\u00e4hrige j\u00fcdische M\u00e4dchen Anna, deren Vater Theaterkritiker und auch Kritiker Adolf Hitlers ist. Die j\u00fcdische Familie muss in die Schweiz fl\u00fcchten, weil Adolf Hitler zum Reichskanzler ernannt wurde und damit die Nationalsozialisten in Deutschland die Macht ergriffen. Die Familie fl\u00fcchtet auf der Suche nach Freiheit zuerst in die Schweiz und dann nach Paris, wo Annas Vater ein Theaterst\u00fcck schreibt, f\u00fcr das sich ein Engl\u00e4nder interessiert. Aufgrund dessen zieht die Familie letztendlich nach England.<\/p>\n<p>Im Anschluss an die Vorstellung durfte jeder seine Meinung \u00e4u\u00dfern. Die Mehrheit der Klasse fand die Vorstellung eher weniger ansprechend, da der Film keinen wirklichen Spannungsbogen oder H\u00f6hepunkt hat. Auch dar\u00fcber, wie der Film entstand, wurde gesprochen. Schlie\u00dflich liefen die Kinder wieder zur\u00fcck zur Schule. Auch die n\u00e4chsten Wochen nach der Vorstellung behandelte die Klasse das Thema weiter im Deutschunterricht und sprach \u00fcber die Autorin Judith Kerr und Regisseurin Caroline Link und wie sie gelebt haben. Au\u00dferdem befassten sie sich weiter mit der NS-Zeit und damit, was es bedeutet, auf der Flucht zu sein. In diesem Zusammenhang behandelten sie auch Themen wie Diskriminierung Ausgrenzung und Verfolgung oder die Beschr\u00e4nkung der Grundrechte. <br>Auch wenn der Film in der Klasse \u00fcberwiegend keinen gro\u00dfen Anklang fand, lernten die Kinder doch einiges \u00fcber den Nationalsozialismus und die Schrecken der Nazi-Zeit.<\/p>\n<p><em>Lina M\u00fcller, 6bU2<\/em><\/p>\n<table style=\"border-collapse: collapse; width: 100%;\">\n<tbody>\n<tr>\n<td style=\"width: 33.3333%;\"><img loading=\"lazy\" decoding=\"async\" class=\"alignleft size-full wp-image-12966\" src=\"https:\/\/dossenberger.de\/wp-content\/uploads\/2023\/05\/bigz2023-1.jpg\" alt=\"\" width=\"336\" height=\"395\" srcset=\"https:\/\/dossenberger.de\/wp-content\/uploads\/2023\/05\/bigz2023-1.jpg 336w, https:\/\/dossenberger.de\/wp-content\/uploads\/2023\/05\/bigz2023-1-255x300.jpg 255w\" sizes=\"auto, (max-width: 336px) 100vw, 336px\" \/><\/td>\n<td style=\"width: 33.3333%;\"><img loading=\"lazy\" decoding=\"async\" class=\"alignleft size-full wp-image-12967\" src=\"https:\/\/dossenberger.de\/wp-content\/uploads\/2023\/05\/bigz2023-2.jpg\" alt=\"\" width=\"336\" height=\"368\" srcset=\"https:\/\/dossenberger.de\/wp-content\/uploads\/2023\/05\/bigz2023-2.jpg 336w, https:\/\/dossenberger.de\/wp-content\/uploads\/2023\/05\/bigz2023-2-274x300.jpg 274w\" sizes=\"auto, (max-width: 336px) 100vw, 336px\" \/><\/td>\n<td style=\"width: 33.3333%;\"><img loading=\"lazy\" decoding=\"async\" class=\"alignleft  wp-image-12968\" src=\"https:\/\/dossenberger.de\/wp-content\/uploads\/2023\/05\/bigz2023-3.jpg\" alt=\"\" width=\"258\" height=\"378\" srcset=\"https:\/\/dossenberger.de\/wp-content\/uploads\/2023\/05\/bigz2023-3.jpg 306w, https:\/\/dossenberger.de\/wp-content\/uploads\/2023\/05\/bigz2023-3-205x300.jpg 205w\" sizes=\"auto, (max-width: 258px) 100vw, 258px\" \/><\/td>\n<\/tr>\n<\/tbody>\n<\/table>\n","protected":false},"excerpt":{"rendered":"<p>Ende M\u00e4rz plante die Klasse 6bU2 im Rahmen der bayerischen Schulkinowochen eine Vorstellung des Kinofilmes \u201eAls Hitler das rosa Kaninchen<\/p>\n","protected":false},"author":2,"featured_media":12965,"comment_status":"closed","ping_status":"closed","sticky":false,"template":"","format":"standard","meta":{"colormag_page_container_layout":"default_layout","colormag_page_sidebar_layout":"default_layout","ngg_post_thumbnail":0,"_price":"","_stock":"","_tribe_ticket_header":"","_tribe_default_ticket_provider":"","_tribe_ticket_capacity":"0","_ticket_start_date":"","_ticket_end_date":"","_tribe_ticket_show_description":"","_tribe_ticket_show_not_going":false,"_tribe_ticket_use_global_stock":"","_tribe_ticket_global_stock_level":"","_global_stock_mode":"","_global_stock_cap":"","_tribe_rsvp_for_event":"","_tribe_ticket_going_count":"","_tribe_ticket_not_going_count":"","_tribe_tickets_list":"[]","_tribe_ticket_has_attendee_info_fields":false,"footnotes":""},"categories":[6,3],"tags":[],"class_list":["post-12964","post","type-post","status-publish","format-standard","has-post-thumbnail","hentry","category-deutsch","category-fachunterricht"],"_links":{"self":[{"href":"https:\/\/dossenberger.de\/index.php?rest_route=\/wp\/v2\/posts\/12964","targetHints":{"allow":["GET"]}}],"collection":[{"href":"https:\/\/dossenberger.de\/index.php?rest_route=\/wp\/v2\/posts"}],"about":[{"href":"https:\/\/dossenberger.de\/index.php?rest_route=\/wp\/v2\/types\/post"}],"author":[{"embeddable":true,"href":"https:\/\/dossenberger.de\/index.php?rest_route=\/wp\/v2\/users\/2"}],"replies":[{"embeddable":true,"href":"https:\/\/dossenberger.de\/index.php?rest_route=%2Fwp%2Fv2%2Fcomments&post=12964"}],"version-history":[{"count":1,"href":"https:\/\/dossenberger.de\/index.php?rest_route=\/wp\/v2\/posts\/12964\/revisions"}],"predecessor-version":[{"id":12969,"href":"https:\/\/dossenberger.de\/index.php?rest_route=\/wp\/v2\/posts\/12964\/revisions\/12969"}],"wp:featuredmedia":[{"embeddable":true,"href":"https:\/\/dossenberger.de\/index.php?rest_route=\/wp\/v2\/media\/12965"}],"wp:attachment":[{"href":"https:\/\/dossenberger.de\/index.php?rest_route=%2Fwp%2Fv2%2Fmedia&parent=12964"}],"wp:term":[{"taxonomy":"category","embeddable":true,"href":"https:\/\/dossenberger.de\/index.php?rest_route=%2Fwp%2Fv2%2Fcategories&post=12964"},{"taxonomy":"post_tag","embeddable":true,"href":"https:\/\/dossenberger.de\/index.php?rest_route=%2Fwp%2Fv2%2Ftags&post=12964"}],"curies":[{"name":"wp","href":"https:\/\/api.w.org\/{rel}","templated":true}]}}