{"id":1299,"date":"2016-01-01T09:09:19","date_gmt":"2016-01-01T08:09:19","guid":{"rendered":"http:\/\/dossenberger.de\/?p=1299"},"modified":"2018-02-10T10:47:41","modified_gmt":"2018-02-10T09:47:41","slug":"austausch-valencia-2014","status":"publish","type":"post","link":"https:\/\/dossenberger.de\/?p=1299","title":{"rendered":"Austausch Valencia 2014"},"content":{"rendered":"<p>Im Schuljahr 2013\/2014 ergab sich f\u00fcr die Sch\u00fcler der 10. Jahrgangsstufe wieder die M\u00f6glichkeit zu einem Sch\u00fcleraustausch mit der spanischen Schule IES Sorolla in Valencia.<!--more--><\/p>\n<p>Am 09. M\u00e4rz 2014 brachen 24 Sch\u00fclerinnen und Sch\u00fcler des Dossenberger-Gymnasiums zusammen mit ihrer Lehrkraft Frau Kiehnlein und der begleitenden Lehrkraft Frau Bogend\u00f6rfer auf an die Ostk\u00fcste Spaniens.<\/p>\n<p><img loading=\"lazy\" decoding=\"async\" class=\"aligncenter size-full wp-image-1302\" src=\"https:\/\/dossenberger.de\/wp-content\/uploads\/2016\/01\/20140315_143237.jpg\" alt=\"\" width=\"336\" height=\"393\" srcset=\"https:\/\/dossenberger.de\/wp-content\/uploads\/2016\/01\/20140315_143237.jpg 336w, https:\/\/dossenberger.de\/wp-content\/uploads\/2016\/01\/20140315_143237-256x300.jpg 256w\" sizes=\"auto, (max-width: 336px) 100vw, 336px\" \/><\/p>\n<p>Bereits bei der Ankunft bereiteten die Austauschpartner ihren deutschen Gastgeschwistern einen herzlichen Empfang. In ihren Gastfamilien untergebracht konnten alle Sch\u00fcler nun eine Woche lang den spanischen Alltag hautnah miterleben.<\/p>\n<p><img loading=\"lazy\" decoding=\"async\" class=\"aligncenter size-full wp-image-1303\" src=\"https:\/\/dossenberger.de\/wp-content\/uploads\/2016\/01\/20140309_141625.jpg\" alt=\"\" width=\"640\" height=\"371\" srcset=\"https:\/\/dossenberger.de\/wp-content\/uploads\/2016\/01\/20140309_141625.jpg 640w, https:\/\/dossenberger.de\/wp-content\/uploads\/2016\/01\/20140309_141625-300x174.jpg 300w\" sizes=\"auto, (max-width: 640px) 100vw, 640px\" \/><\/p>\n<p>W\u00e4hrend der Austauschwoche lernten die Teilnehmer au\u00dferdem sowohl den spanischen Schulalltag, als auch die spanische Kultur n\u00e4her kennen und konnten ihre bisher erworbenen Sprachkenntnisse anwenden und vertiefen.<\/p>\n<p>Bei einem abwechslungsreichen Programm mit verschiedensten Ausfl\u00fcgen und Unternehmungen verging die Woche jedoch leider viel zu schnell. Mit vielen Eindr\u00fccken im Gep\u00e4ck ging es am 15. M\u00e4rz nach einem tr\u00e4nenreichen Abschied wieder zur\u00fcck nach Deutschland.<\/p>\n<p>Nun freuen sich alle Teilnehmer bereits auf Juni, denn dann werden die spanischen Gastgeschwister uns in G\u00fcnzburg besuchen.<\/p>\n<p>Ein ausf\u00fchrlicher Bericht folgt.<\/p>\n<p><em>Nadja Kiehnlein<\/em><\/p>\n","protected":false},"excerpt":{"rendered":"<p>Im Schuljahr 2013\/2014 ergab sich f\u00fcr die Sch\u00fcler der 10. Jahrgangsstufe wieder die M\u00f6glichkeit zu einem Sch\u00fcleraustausch mit der spanischen<\/p>\n","protected":false},"author":1,"featured_media":0,"comment_status":"closed","ping_status":"closed","sticky":false,"template":"","format":"standard","meta":{"colormag_page_container_layout":"default_layout","colormag_page_sidebar_layout":"default_layout","ngg_post_thumbnail":0,"_price":"","_stock":"","_tribe_ticket_header":"","_tribe_default_ticket_provider":"","_tribe_ticket_capacity":"0","_ticket_start_date":"","_ticket_end_date":"","_tribe_ticket_show_description":"","_tribe_ticket_show_not_going":false,"_tribe_ticket_use_global_stock":"","_tribe_ticket_global_stock_level":"","_global_stock_mode":"","_global_stock_cap":"","_tribe_rsvp_for_event":"","_tribe_ticket_going_count":"","_tribe_ticket_not_going_count":"","_tribe_tickets_list":"[]","_tribe_ticket_has_attendee_info_fields":false,"footnotes":""},"categories":[77,27,3],"tags":[],"class_list":["post-1299","post","type-post","status-publish","format-standard","hentry","category-austausch","category-spanisch","category-fachunterricht"],"_links":{"self":[{"href":"https:\/\/dossenberger.de\/index.php?rest_route=\/wp\/v2\/posts\/1299","targetHints":{"allow":["GET"]}}],"collection":[{"href":"https:\/\/dossenberger.de\/index.php?rest_route=\/wp\/v2\/posts"}],"about":[{"href":"https:\/\/dossenberger.de\/index.php?rest_route=\/wp\/v2\/types\/post"}],"author":[{"embeddable":true,"href":"https:\/\/dossenberger.de\/index.php?rest_route=\/wp\/v2\/users\/1"}],"replies":[{"embeddable":true,"href":"https:\/\/dossenberger.de\/index.php?rest_route=%2Fwp%2Fv2%2Fcomments&post=1299"}],"version-history":[{"count":3,"href":"https:\/\/dossenberger.de\/index.php?rest_route=\/wp\/v2\/posts\/1299\/revisions"}],"predecessor-version":[{"id":1304,"href":"https:\/\/dossenberger.de\/index.php?rest_route=\/wp\/v2\/posts\/1299\/revisions\/1304"}],"wp:attachment":[{"href":"https:\/\/dossenberger.de\/index.php?rest_route=%2Fwp%2Fv2%2Fmedia&parent=1299"}],"wp:term":[{"taxonomy":"category","embeddable":true,"href":"https:\/\/dossenberger.de\/index.php?rest_route=%2Fwp%2Fv2%2Fcategories&post=1299"},{"taxonomy":"post_tag","embeddable":true,"href":"https:\/\/dossenberger.de\/index.php?rest_route=%2Fwp%2Fv2%2Ftags&post=1299"}],"curies":[{"name":"wp","href":"https:\/\/api.w.org\/{rel}","templated":true}]}}