{"id":13057,"date":"2023-06-27T12:02:38","date_gmt":"2023-06-27T10:02:38","guid":{"rendered":"https:\/\/dossenberger.de\/?p=13057"},"modified":"2023-06-28T14:29:22","modified_gmt":"2023-06-28T12:29:22","slug":"dossi-goes-berlin-wir-stellen-aus","status":"publish","type":"post","link":"https:\/\/dossenberger.de\/?p=13057","title":{"rendered":"Dossi goes Berlin \u2013 wir stellen aus!"},"content":{"rendered":"\n\n\n<p>Ihr fahrt nach Berlin? Super, denn dort k\u00f6nnt ihr unsere Arbeiten im Saal der Empf\u00e4nge, (orientalischer Garten, G\u00e4rten der Welt, Blumberger Damm) vom 16.6. bis 30.7.2023 bewundern. Wir wurden vom Campus Stadt Natur eingeladen, uns mit Fotoarbeiten zum Thema Klimawandel zu beteiligen. Insgesamt 4 Klassen haben sich mit diesem Thema auseinander gesetzt. Zwei davon stellen jetzt gerade aus, die beiden anderen werden im Herbst in den Berliner Jugendkunstschulen ausstellen. Alle zusammen sind nochmal in Lauingen (Ort und Termin stehen noch nicht fest) und Leverkusen am 20.10. zu sehen. Um euch Lust auf mehr zu machen hier schon mal ein paar Bilder. Die 6bu2 hat sich mit Klima und Ern\u00e4hrung besch\u00e4ftigt, w\u00e4hrend die 10c Kleidung aus Papier gefertigt und dann dies auf tollen Fotos getragen hat.<\/p>\n<table style=\"border-collapse: collapse; width: 100%;\">\n<tbody>\n<tr>\n<td style=\"width: 50%;\"><img loading=\"lazy\" decoding=\"async\" class=\"alignleft size-full wp-image-13059\" src=\"https:\/\/dossenberger.de\/wp-content\/uploads\/2023\/06\/kunst_berlin3.jpeg\" alt=\"\" width=\"480\" height=\"535\" srcset=\"https:\/\/dossenberger.de\/wp-content\/uploads\/2023\/06\/kunst_berlin3.jpeg 480w, https:\/\/dossenberger.de\/wp-content\/uploads\/2023\/06\/kunst_berlin3-269x300.jpeg 269w\" sizes=\"auto, (max-width: 480px) 100vw, 480px\" \/><\/td>\n<td style=\"width: 50%;\"><img loading=\"lazy\" decoding=\"async\" class=\"alignleft size-full wp-image-13060\" src=\"https:\/\/dossenberger.de\/wp-content\/uploads\/2023\/06\/kunst_berlin2.jpeg\" alt=\"\" width=\"473\" height=\"640\" srcset=\"https:\/\/dossenberger.de\/wp-content\/uploads\/2023\/06\/kunst_berlin2.jpeg 473w, https:\/\/dossenberger.de\/wp-content\/uploads\/2023\/06\/kunst_berlin2-222x300.jpeg 222w\" sizes=\"auto, (max-width: 473px) 100vw, 473px\" \/><\/td>\n<\/tr>\n<\/tbody>\n<\/table>\n","protected":false},"excerpt":{"rendered":"<p>Ihr fahrt nach Berlin? Super, denn dort k\u00f6nnt ihr unsere Arbeiten im Saal der Empf\u00e4nge, (orientalischer Garten, G\u00e4rten der Welt,<\/p>\n","protected":false},"author":2,"featured_media":13058,"comment_status":"closed","ping_status":"closed","sticky":false,"template":"","format":"standard","meta":{"colormag_page_container_layout":"default_layout","colormag_page_sidebar_layout":"default_layout","ngg_post_thumbnail":0,"_price":"","_stock":"","_tribe_ticket_header":"","_tribe_default_ticket_provider":"","_tribe_ticket_capacity":"0","_ticket_start_date":"","_ticket_end_date":"","_tribe_ticket_show_description":"","_tribe_ticket_show_not_going":false,"_tribe_ticket_use_global_stock":"","_tribe_ticket_global_stock_level":"","_global_stock_mode":"","_global_stock_cap":"","_tribe_rsvp_for_event":"","_tribe_ticket_going_count":"","_tribe_ticket_not_going_count":"","_tribe_tickets_list":"[]","_tribe_ticket_has_attendee_info_fields":false,"footnotes":""},"categories":[15,3],"tags":[],"class_list":["post-13057","post","type-post","status-publish","format-standard","has-post-thumbnail","hentry","category-kunst","category-fachunterricht"],"_links":{"self":[{"href":"https:\/\/dossenberger.de\/index.php?rest_route=\/wp\/v2\/posts\/13057","targetHints":{"allow":["GET"]}}],"collection":[{"href":"https:\/\/dossenberger.de\/index.php?rest_route=\/wp\/v2\/posts"}],"about":[{"href":"https:\/\/dossenberger.de\/index.php?rest_route=\/wp\/v2\/types\/post"}],"author":[{"embeddable":true,"href":"https:\/\/dossenberger.de\/index.php?rest_route=\/wp\/v2\/users\/2"}],"replies":[{"embeddable":true,"href":"https:\/\/dossenberger.de\/index.php?rest_route=%2Fwp%2Fv2%2Fcomments&post=13057"}],"version-history":[{"count":1,"href":"https:\/\/dossenberger.de\/index.php?rest_route=\/wp\/v2\/posts\/13057\/revisions"}],"predecessor-version":[{"id":13061,"href":"https:\/\/dossenberger.de\/index.php?rest_route=\/wp\/v2\/posts\/13057\/revisions\/13061"}],"wp:featuredmedia":[{"embeddable":true,"href":"https:\/\/dossenberger.de\/index.php?rest_route=\/wp\/v2\/media\/13058"}],"wp:attachment":[{"href":"https:\/\/dossenberger.de\/index.php?rest_route=%2Fwp%2Fv2%2Fmedia&parent=13057"}],"wp:term":[{"taxonomy":"category","embeddable":true,"href":"https:\/\/dossenberger.de\/index.php?rest_route=%2Fwp%2Fv2%2Fcategories&post=13057"},{"taxonomy":"post_tag","embeddable":true,"href":"https:\/\/dossenberger.de\/index.php?rest_route=%2Fwp%2Fv2%2Ftags&post=13057"}],"curies":[{"name":"wp","href":"https:\/\/api.w.org\/{rel}","templated":true}]}}