{"id":13146,"date":"2023-07-20T20:13:01","date_gmt":"2023-07-20T18:13:01","guid":{"rendered":"https:\/\/dossenberger.de\/?p=13146"},"modified":"2023-07-27T07:45:41","modified_gmt":"2023-07-27T05:45:41","slug":"kopfrechenwettbewerb-der-5-klassen","status":"publish","type":"post","link":"https:\/\/dossenberger.de\/?p=13146","title":{"rendered":"Kopfrechenwettbewerb der 5. Klassen"},"content":{"rendered":"\n<p>Am 19.07.2023 fand der Endentscheid des Kopfrechenwettbewerbs f\u00fcr die 5. Klassen statt. In den Wochen zuvor f\u00fchrten daf\u00fcr bereits alle Klassen interne Wettbewerbe durch, um f\u00fcr jede der f\u00fcnf 5. Klassen zu ermitteln, welche zwei Sch\u00fclerinnen oder Sch\u00fcler am schnellsten und vor allem auch richtig Kopfrechen k\u00f6nnen und die Klasse deshalb beim Endentscheid vertreten d\u00fcrfen.<\/p>\n<p>F\u00fcr die 5a traten Wanja Feig und Ben Wetzel an, die 5Bu1 schickte Finn Schaich und Luis Appelt ins Rennen, die 5Bu2 wurde vertreten durch Raphael Bissinger und Anna Ripper, aus der 5c nahmen Sebastian Mayer und Jona Alimehaj teil und f\u00fcr die 5d rechneten Mika Futterer und Emily B\u00e4rreiter.<\/p>\n<p>Alle Klassensieger versammelten sich am Ende der 2. Stunde in der Aula, um ihr K\u00f6nnen unter Beweis zu stellen. F\u00fcr eine gro\u00dfe Menge an Motivation und Stimmung sorgten alle anderen 5. Kl\u00e4ssler, die ihre Klassenkameraden lautstark und mit selbstgestalteten Plakaten anfeuern durften. Nur w\u00e4hrend den Rechenphasen war absolute Ruhe gefordert, damit sich alle bestm\u00f6glich konzentrieren konnten. In vier Runden konnten die Sch\u00fclerinnen und Sch\u00fcler nach Schnelligkeit gestaffelte Punkte erzielen, woraus dann am Ende die Gesamtsieger ermittelt wurden.<\/p>\n<p><img loading=\"lazy\" decoding=\"async\" class=\"aligncenter size-full wp-image-13148\" src=\"https:\/\/dossenberger.de\/wp-content\/uploads\/2023\/07\/kopf2023-2.jpeg\" alt=\"\" width=\"640\" height=\"350\" srcset=\"https:\/\/dossenberger.de\/wp-content\/uploads\/2023\/07\/kopf2023-2.jpeg 640w, https:\/\/dossenberger.de\/wp-content\/uploads\/2023\/07\/kopf2023-2-300x164.jpeg 300w\" sizes=\"auto, (max-width: 640px) 100vw, 640px\" \/><\/p>\n<p>Raphael Bissinger f\u00fchrte dabei durchgehend die Runden an und erreichte somit auch am Ende den ersten Platz. Ansonsten blieb es spannend bis zum Schluss. Letztendlich konnte sich Wanja Feig \u00fcber den zweiten und Mika Futterer \u00fcber den dritten Preis freuen. Die ersten drei Pl\u00e4tze wurden mit B\u00fcchergutscheinen pr\u00e4miert. Der Erfolg aller zehn Kopfrechner wurde durch tosenden Applaus des Publikums gew\u00fcrdigt.<\/p>\n<p><em>Zill<\/em><\/p>\n","protected":false},"excerpt":{"rendered":"<p>Am 19.07.2023 fand der Endentscheid des Kopfrechenwettbewerbs f\u00fcr die 5. Klassen statt. In den Wochen zuvor f\u00fchrten daf\u00fcr bereits alle<\/p>\n","protected":false},"author":2,"featured_media":13147,"comment_status":"closed","ping_status":"closed","sticky":false,"template":"","format":"standard","meta":{"colormag_page_container_layout":"default_layout","colormag_page_sidebar_layout":"default_layout","ngg_post_thumbnail":0,"_price":"","_stock":"","_tribe_ticket_header":"","_tribe_default_ticket_provider":"","_tribe_ticket_capacity":"0","_ticket_start_date":"","_ticket_end_date":"","_tribe_ticket_show_description":"","_tribe_ticket_show_not_going":false,"_tribe_ticket_use_global_stock":"","_tribe_ticket_global_stock_level":"","_global_stock_mode":"","_global_stock_cap":"","_tribe_rsvp_for_event":"","_tribe_ticket_going_count":"","_tribe_ticket_not_going_count":"","_tribe_tickets_list":"[]","_tribe_ticket_has_attendee_info_fields":false,"footnotes":""},"categories":[17,3],"tags":[],"class_list":["post-13146","post","type-post","status-publish","format-standard","has-post-thumbnail","hentry","category-mathematik","category-fachunterricht"],"_links":{"self":[{"href":"https:\/\/dossenberger.de\/index.php?rest_route=\/wp\/v2\/posts\/13146","targetHints":{"allow":["GET"]}}],"collection":[{"href":"https:\/\/dossenberger.de\/index.php?rest_route=\/wp\/v2\/posts"}],"about":[{"href":"https:\/\/dossenberger.de\/index.php?rest_route=\/wp\/v2\/types\/post"}],"author":[{"embeddable":true,"href":"https:\/\/dossenberger.de\/index.php?rest_route=\/wp\/v2\/users\/2"}],"replies":[{"embeddable":true,"href":"https:\/\/dossenberger.de\/index.php?rest_route=%2Fwp%2Fv2%2Fcomments&post=13146"}],"version-history":[{"count":1,"href":"https:\/\/dossenberger.de\/index.php?rest_route=\/wp\/v2\/posts\/13146\/revisions"}],"predecessor-version":[{"id":13149,"href":"https:\/\/dossenberger.de\/index.php?rest_route=\/wp\/v2\/posts\/13146\/revisions\/13149"}],"wp:featuredmedia":[{"embeddable":true,"href":"https:\/\/dossenberger.de\/index.php?rest_route=\/wp\/v2\/media\/13147"}],"wp:attachment":[{"href":"https:\/\/dossenberger.de\/index.php?rest_route=%2Fwp%2Fv2%2Fmedia&parent=13146"}],"wp:term":[{"taxonomy":"category","embeddable":true,"href":"https:\/\/dossenberger.de\/index.php?rest_route=%2Fwp%2Fv2%2Fcategories&post=13146"},{"taxonomy":"post_tag","embeddable":true,"href":"https:\/\/dossenberger.de\/index.php?rest_route=%2Fwp%2Fv2%2Ftags&post=13146"}],"curies":[{"name":"wp","href":"https:\/\/api.w.org\/{rel}","templated":true}]}}