{"id":13365,"date":"2023-10-05T14:09:25","date_gmt":"2023-10-05T12:09:25","guid":{"rendered":"https:\/\/dossenberger.de\/?p=13365"},"modified":"2023-11-19T18:41:16","modified_gmt":"2023-11-19T17:41:16","slug":"neue-kooperation-mit-dem-asb","status":"publish","type":"post","link":"https:\/\/dossenberger.de\/?p=13365","title":{"rendered":"Neue Kooperation mit dem ASB"},"content":{"rendered":"\n<p>Ab diesem Schuljahr kooperiert das Dossenberger-Gymnasium mit dem Arbeiter-Samariter-Bund (ASB) Regionalverband Dillingen-Donau-Ries e.V., um den Sch\u00fclerinnen und Sch\u00fclern unserer Schule ein besseres Angebot im Bereich der ersten Hilfe bieten zu k\u00f6nnen. Die Unterzeichnung des Kooperationsvertrages seitens der Gesch\u00e4ftsf\u00fchrerin des Regionalverbandes, Frau Claudia Lijsen und unseres Schulleiters, Herrn Peter Lang, fand am 12. Juli 2023 statt.<\/p>\n<p>In diesem Schuljahr wurde bereits in der zweiten Schulwoche das Projekt Erste Hilfe mit Selbstschutzinhalten (EHSH) von Ausbildern des ASB durchgef\u00fchrt. Alle Sch\u00fclerinnen und Sch\u00fcler von der 5. bis zur 11.Klasse erhielten dabei eine zweist\u00fcndige Einweisung in die Grundbegriffe der ersten Hilfe, f\u00fcr die \u00e4lteren Sch\u00fclerInnen bis hin zur Reanimation, angereichert mit Fragestellungen zur Resilienz und dem Verhalten in einem Notfall. Ein solches Projekt soll nun j\u00e4hrlich durchgef\u00fchrt werden.<\/p>\n<p>Es besteht nun, wie bisher, f\u00fcr die Klassen der Mittelstufe die M\u00f6glichkeit, in Vertretungsstunden die Herzdruckmassage unter Aufsicht der Vertretungslehrkraft eigenst\u00e4ndig zu \u00fcben. Die dazu n\u00f6tigen Puppen werden wie in den vergangenen Jahren in den Klassenzimmern der Mittelstufe deponiert werden.<br>Neu ist au\u00dferdem eine fundiertere Ausbildung des Schulsanit\u00e4tsdienstes mit insgesamt 35 Unterrichtseinheiten durch Ausbilder des ASB und meine Person, die die bisherigen Auffrischungen der Kenntnisse ersetzt bzw. erg\u00e4nzt. Der Schulsanit\u00e4tsdienst wird auch an Wettbewerben der ASB-Jugend teilnehmen k\u00f6nnen.<\/p>\n<p>Nat\u00fcrlich bleiben die bisherigen Angebote von Erste-Hilfe-Kursen f\u00fcr Sch\u00fcler und Auffrischungen, sowohl f\u00fcr die neuen Seminare als auch f\u00fcr die Kollegen, erhalten und ich stehe nach wie vor als Ausbilder und Leiter des Schulsanit\u00e4tsdienstes zur Verf\u00fcgung. Aber ich denke, ich spreche im Namen der Schulsanis, wenn ich sage, wir freuen uns auf die Zusammenarbeit mit dem ASB und die M\u00f6glichkeiten, die sich uns dadurch er\u00f6ffnen.<\/p>\n<p><em>M. Baum<\/em><\/p>\n\n\n","protected":false},"excerpt":{"rendered":"<p>Ab diesem Schuljahr kooperiert das Dossenberger-Gymnasium mit dem Arbeiter-Samariter-Bund (ASB) Regionalverband Dillingen-Donau-Ries e.V., um den Sch\u00fclerinnen und Sch\u00fclern unserer Schule<\/p>\n","protected":false},"author":2,"featured_media":13363,"comment_status":"closed","ping_status":"closed","sticky":false,"template":"","format":"standard","meta":{"colormag_page_container_layout":"default_layout","colormag_page_sidebar_layout":"default_layout","ngg_post_thumbnail":0,"_price":"","_stock":"","_tribe_ticket_header":"","_tribe_default_ticket_provider":"","_tribe_ticket_capacity":"0","_ticket_start_date":"","_ticket_end_date":"","_tribe_ticket_show_description":"","_tribe_ticket_show_not_going":false,"_tribe_ticket_use_global_stock":"","_tribe_ticket_global_stock_level":"","_global_stock_mode":"","_global_stock_cap":"","_tribe_rsvp_for_event":"","_tribe_ticket_going_count":"","_tribe_ticket_not_going_count":"","_tribe_tickets_list":"[]","_tribe_ticket_has_attendee_info_fields":false,"footnotes":""},"categories":[3],"tags":[],"class_list":["post-13365","post","type-post","status-publish","format-standard","has-post-thumbnail","hentry","category-fachunterricht"],"_links":{"self":[{"href":"https:\/\/dossenberger.de\/index.php?rest_route=\/wp\/v2\/posts\/13365","targetHints":{"allow":["GET"]}}],"collection":[{"href":"https:\/\/dossenberger.de\/index.php?rest_route=\/wp\/v2\/posts"}],"about":[{"href":"https:\/\/dossenberger.de\/index.php?rest_route=\/wp\/v2\/types\/post"}],"author":[{"embeddable":true,"href":"https:\/\/dossenberger.de\/index.php?rest_route=\/wp\/v2\/users\/2"}],"replies":[{"embeddable":true,"href":"https:\/\/dossenberger.de\/index.php?rest_route=%2Fwp%2Fv2%2Fcomments&post=13365"}],"version-history":[{"count":1,"href":"https:\/\/dossenberger.de\/index.php?rest_route=\/wp\/v2\/posts\/13365\/revisions"}],"predecessor-version":[{"id":13366,"href":"https:\/\/dossenberger.de\/index.php?rest_route=\/wp\/v2\/posts\/13365\/revisions\/13366"}],"wp:featuredmedia":[{"embeddable":true,"href":"https:\/\/dossenberger.de\/index.php?rest_route=\/wp\/v2\/media\/13363"}],"wp:attachment":[{"href":"https:\/\/dossenberger.de\/index.php?rest_route=%2Fwp%2Fv2%2Fmedia&parent=13365"}],"wp:term":[{"taxonomy":"category","embeddable":true,"href":"https:\/\/dossenberger.de\/index.php?rest_route=%2Fwp%2Fv2%2Fcategories&post=13365"},{"taxonomy":"post_tag","embeddable":true,"href":"https:\/\/dossenberger.de\/index.php?rest_route=%2Fwp%2Fv2%2Ftags&post=13365"}],"curies":[{"name":"wp","href":"https:\/\/api.w.org\/{rel}","templated":true}]}}