{"id":13456,"date":"2023-11-06T07:58:12","date_gmt":"2023-11-06T06:58:12","guid":{"rendered":"https:\/\/dossenberger.de\/?p=13456"},"modified":"2023-11-19T18:40:51","modified_gmt":"2023-11-19T17:40:51","slug":"der-lesetag-am-dossi","status":"publish","type":"post","link":"https:\/\/dossenberger.de\/?p=13456","title":{"rendered":"Der Lesetag am Dossi"},"content":{"rendered":"\n<p><em>Die Reporterinnen der Sch\u00fclerzeitung, Yvonne Sturm und Isabella Baumeister (beide 6c), waren beim Lesetag dabei und berichten hier dar\u00fcber:<\/em><\/p>\n<p>Am 24.10. fand f\u00fcr die 6. Klassen ein Lesetag statt. Das P-Seminar Deutsch organisierte diesen Tag. Es gab 3 Stationen: In der B\u00fccherei konnten die Kinder diese besser kennen lernen durch eine Rallye in der Schulbibliothek. Die ersten drei bekamen einen Preis: Der 3. Platz bekam einen Turnbeutel, der 2.Platz bekam eine Art Bauchtasche und der 1.Platz bekam eine Trinkflasche. Au\u00dferdem bekamen alle Gummib\u00e4rchen.<\/p>\n<p>&nbsp;<\/p>\n<p>Bei der Pop-Up-Rallye trafen wir uns in der Lernlandschaft, um durchs ganze Schulhaus zu laufen. Dort mussten wir zu den verschiedenen B\u00fccherplakaten, die \u00fcberall aufgeh\u00e4ngt waren und Fragen beantworten. Am Ende bekamen die 3 schnellsten Gummib\u00e4rchen.<\/p>\n<p>Es gab auch noch den B\u00fccherschrank. Die Oberstufensch\u00fclerinnen hatten einen B\u00fccherschrank mit 76 B\u00fcchern gestaltet, der in Zukunft von Klassenzimmer zu Klassenzimmer der 6. Klassen wandern soll. Diesen stellten sie allen Gruppen vor und erkl\u00e4rten die Regeln f\u00fcr die Benutzung des Regals. Danach wurden in kleinen Gruppen ein paar Seiten aus einem Buch aus dem Regal abwechselnd laut vorgelesen. Am Ende sollte man das Buch noch bewerteten. Damit war der Lesetag vorbei. Er hat uns die Welt der B\u00fccher n\u00e4hergebracht. Gro\u00dfen Dank an das P-Seminar Deutsch!<\/p>\n<table style=\"border-collapse: collapse; width: 100%; height: 1166px;\">\n<tbody>\n<tr style=\"height: 510px;\">\n<td style=\"width: 50%; height: 510px;\"><img loading=\"lazy\" decoding=\"async\" class=\"alignleft  wp-image-13459\" src=\"https:\/\/dossenberger.de\/wp-content\/uploads\/2023\/11\/Lesetag-Bib.jpg\" alt=\"\" width=\"325\" height=\"487\" srcset=\"https:\/\/dossenberger.de\/wp-content\/uploads\/2023\/11\/Lesetag-Bib.jpg 427w, https:\/\/dossenberger.de\/wp-content\/uploads\/2023\/11\/Lesetag-Bib-200x300.jpg 200w\" sizes=\"auto, (max-width: 325px) 100vw, 325px\" \/><\/td>\n<td style=\"width: 50%; height: 510px;\"><img loading=\"lazy\" decoding=\"async\" class=\"alignleft  wp-image-13460\" src=\"https:\/\/dossenberger.de\/wp-content\/uploads\/2023\/11\/Lesetag-Buecherschrank.jpg\" alt=\"\" width=\"330\" height=\"495\" srcset=\"https:\/\/dossenberger.de\/wp-content\/uploads\/2023\/11\/Lesetag-Buecherschrank.jpg 427w, https:\/\/dossenberger.de\/wp-content\/uploads\/2023\/11\/Lesetag-Buecherschrank-200x300.jpg 200w\" sizes=\"auto, (max-width: 330px) 100vw, 330px\" \/><\/td>\n<\/tr>\n<tr style=\"height: 656px;\">\n<td style=\"width: 50%; height: 656px;\"><img loading=\"lazy\" decoding=\"async\" class=\"alignleft  wp-image-13461\" src=\"https:\/\/dossenberger.de\/wp-content\/uploads\/2023\/11\/Lesetag-Plakate.jpg\" alt=\"\" width=\"322\" height=\"483\" srcset=\"https:\/\/dossenberger.de\/wp-content\/uploads\/2023\/11\/Lesetag-Plakate.jpg 427w, https:\/\/dossenberger.de\/wp-content\/uploads\/2023\/11\/Lesetag-Plakate-200x300.jpg 200w\" sizes=\"auto, (max-width: 322px) 100vw, 322px\" \/><\/td>\n<td style=\"width: 50%; height: 656px;\"><img loading=\"lazy\" decoding=\"async\" class=\"alignleft  wp-image-13462\" src=\"https:\/\/dossenberger.de\/wp-content\/uploads\/2023\/11\/Lesetag.jpg\" alt=\"\" width=\"329\" height=\"493\" srcset=\"https:\/\/dossenberger.de\/wp-content\/uploads\/2023\/11\/Lesetag.jpg 427w, https:\/\/dossenberger.de\/wp-content\/uploads\/2023\/11\/Lesetag-200x300.jpg 200w\" sizes=\"auto, (max-width: 329px) 100vw, 329px\" \/><\/td>\n<\/tr>\n<\/tbody>\n<\/table>\n<p>Fotos: Michael Heinrich, 7c (Fotograf der Sch\u00fclerzeitung)<\/p>\n","protected":false},"excerpt":{"rendered":"<p>Die Reporterinnen der Sch\u00fclerzeitung, Yvonne Sturm und Isabella Baumeister (beide 6c), waren beim Lesetag dabei und berichten hier dar\u00fcber: Am<\/p>\n","protected":false},"author":2,"featured_media":13457,"comment_status":"closed","ping_status":"closed","sticky":false,"template":"","format":"standard","meta":{"colormag_page_container_layout":"default_layout","colormag_page_sidebar_layout":"default_layout","ngg_post_thumbnail":0,"_price":"","_stock":"","_tribe_ticket_header":"","_tribe_default_ticket_provider":"","_tribe_ticket_capacity":"0","_ticket_start_date":"","_ticket_end_date":"","_tribe_ticket_show_description":"","_tribe_ticket_show_not_going":false,"_tribe_ticket_use_global_stock":"","_tribe_ticket_global_stock_level":"","_global_stock_mode":"","_global_stock_cap":"","_tribe_rsvp_for_event":"","_tribe_ticket_going_count":"","_tribe_ticket_not_going_count":"","_tribe_tickets_list":"[]","_tribe_ticket_has_attendee_info_fields":false,"footnotes":""},"categories":[6,3],"tags":[],"class_list":["post-13456","post","type-post","status-publish","format-standard","has-post-thumbnail","hentry","category-deutsch","category-fachunterricht"],"_links":{"self":[{"href":"https:\/\/dossenberger.de\/index.php?rest_route=\/wp\/v2\/posts\/13456","targetHints":{"allow":["GET"]}}],"collection":[{"href":"https:\/\/dossenberger.de\/index.php?rest_route=\/wp\/v2\/posts"}],"about":[{"href":"https:\/\/dossenberger.de\/index.php?rest_route=\/wp\/v2\/types\/post"}],"author":[{"embeddable":true,"href":"https:\/\/dossenberger.de\/index.php?rest_route=\/wp\/v2\/users\/2"}],"replies":[{"embeddable":true,"href":"https:\/\/dossenberger.de\/index.php?rest_route=%2Fwp%2Fv2%2Fcomments&post=13456"}],"version-history":[{"count":1,"href":"https:\/\/dossenberger.de\/index.php?rest_route=\/wp\/v2\/posts\/13456\/revisions"}],"predecessor-version":[{"id":13463,"href":"https:\/\/dossenberger.de\/index.php?rest_route=\/wp\/v2\/posts\/13456\/revisions\/13463"}],"wp:featuredmedia":[{"embeddable":true,"href":"https:\/\/dossenberger.de\/index.php?rest_route=\/wp\/v2\/media\/13457"}],"wp:attachment":[{"href":"https:\/\/dossenberger.de\/index.php?rest_route=%2Fwp%2Fv2%2Fmedia&parent=13456"}],"wp:term":[{"taxonomy":"category","embeddable":true,"href":"https:\/\/dossenberger.de\/index.php?rest_route=%2Fwp%2Fv2%2Fcategories&post=13456"},{"taxonomy":"post_tag","embeddable":true,"href":"https:\/\/dossenberger.de\/index.php?rest_route=%2Fwp%2Fv2%2Ftags&post=13456"}],"curies":[{"name":"wp","href":"https:\/\/api.w.org\/{rel}","templated":true}]}}