{"id":13464,"date":"2023-11-06T07:59:51","date_gmt":"2023-11-06T06:59:51","guid":{"rendered":"https:\/\/dossenberger.de\/?p=13464"},"modified":"2023-12-12T15:47:21","modified_gmt":"2023-12-12T14:47:21","slug":"vorstellung-der-neuen-schuelersprecher","status":"publish","type":"post","link":"https:\/\/dossenberger.de\/?p=13464","title":{"rendered":"Vorstellung der neuen Sch\u00fclersprecher"},"content":{"rendered":"\n<p>Am 27.10.23, dem Freitag vor den Herbstferien, stellten sich die neuen Sch\u00fclersprecher in der Turnhalle des Dossenberger-Gymnasiums vor.<\/p>\n<p>Das sind als erster Sch\u00fclersprecher Sercan Gecim, als zweite Nice Makaew und als dritte Sarah Sperandio &amp; Emma Kugler, die bei zwei Wahldurchg\u00e4ngen jeweils die gleiche Stimmenanzahl hatten (alle in der 11. Klasse). Au\u00dferdem gibt es noch zwei Stellvertreter: Jonas Gro\u00dfhans und Jakob Frielinghaus.<\/p>\n<p>Als sie sich vorstellten, sagte jeder, was er als Sch\u00fclersprecher machen\/verbessern will. Sie erz\u00e4hlten, dass sie wollen, dass die Schule allen Sch\u00fcler Spa\u00df machen sollte und dass sie die Schulgemeinschaft st\u00e4rken wollen. Mehrere Arbeitskreise wurden gebildet. So gibt es einen Arbeitskreis, der sich um Projekttage, wie z.B. die Nikolausaktion k\u00fcmmert oder einen Arbeitskreis, der an einem neuen Schulshirt arbeitet.<\/p>\n<p>Und alle sagten noch, dass alle Sch\u00fcler mit Problemen, Anliegen und Sorgen zu ihnen kommen k\u00f6nnen.<\/p>\n<p>Den Rahmen f\u00fcr die Vorstellung bildete die Deko von der Halloweenparty, die am Vorabend stattgefunden hatte. Es gab zus\u00e4tzlich Musik und Waffeln, von denen jede 1,50 Euro kostete.<\/p>\n<p>Mit den Einnahmen des Kartenverkaufs der Halloweenparty und des Waffelverkaufs soll ein Hygieneautomat f\u00fcr Periodenprodukte in der M\u00e4dchentoilette finanziert werden.<\/p>\n<p>(Theresa Wegscheider, 6d, freie Mitarbeiterin der Sch\u00fclerzeitung, Fotos: Michael Heinrich)<\/p>\n","protected":false},"excerpt":{"rendered":"<p>Am 27.10.23, dem Freitag vor den Herbstferien, stellten sich die neuen Sch\u00fclersprecher in der Turnhalle des Dossenberger-Gymnasiums vor. Das sind<\/p>\n","protected":false},"author":2,"featured_media":0,"comment_status":"closed","ping_status":"closed","sticky":false,"template":"","format":"standard","meta":{"colormag_page_container_layout":"default_layout","colormag_page_sidebar_layout":"default_layout","ngg_post_thumbnail":0,"_price":"","_stock":"","_tribe_ticket_header":"","_tribe_default_ticket_provider":"","_tribe_ticket_capacity":"0","_ticket_start_date":"","_ticket_end_date":"","_tribe_ticket_show_description":"","_tribe_ticket_show_not_going":false,"_tribe_ticket_use_global_stock":"","_tribe_ticket_global_stock_level":"","_global_stock_mode":"","_global_stock_cap":"","_tribe_rsvp_for_event":"","_tribe_ticket_going_count":"","_tribe_ticket_not_going_count":"","_tribe_tickets_list":"[]","_tribe_ticket_has_attendee_info_fields":false,"footnotes":""},"categories":[30,3],"tags":[],"class_list":["post-13464","post","type-post","status-publish","format-standard","hentry","category-smv","category-fachunterricht"],"_links":{"self":[{"href":"https:\/\/dossenberger.de\/index.php?rest_route=\/wp\/v2\/posts\/13464","targetHints":{"allow":["GET"]}}],"collection":[{"href":"https:\/\/dossenberger.de\/index.php?rest_route=\/wp\/v2\/posts"}],"about":[{"href":"https:\/\/dossenberger.de\/index.php?rest_route=\/wp\/v2\/types\/post"}],"author":[{"embeddable":true,"href":"https:\/\/dossenberger.de\/index.php?rest_route=\/wp\/v2\/users\/2"}],"replies":[{"embeddable":true,"href":"https:\/\/dossenberger.de\/index.php?rest_route=%2Fwp%2Fv2%2Fcomments&post=13464"}],"version-history":[{"count":1,"href":"https:\/\/dossenberger.de\/index.php?rest_route=\/wp\/v2\/posts\/13464\/revisions"}],"predecessor-version":[{"id":13466,"href":"https:\/\/dossenberger.de\/index.php?rest_route=\/wp\/v2\/posts\/13464\/revisions\/13466"}],"wp:attachment":[{"href":"https:\/\/dossenberger.de\/index.php?rest_route=%2Fwp%2Fv2%2Fmedia&parent=13464"}],"wp:term":[{"taxonomy":"category","embeddable":true,"href":"https:\/\/dossenberger.de\/index.php?rest_route=%2Fwp%2Fv2%2Fcategories&post=13464"},{"taxonomy":"post_tag","embeddable":true,"href":"https:\/\/dossenberger.de\/index.php?rest_route=%2Fwp%2Fv2%2Ftags&post=13464"}],"curies":[{"name":"wp","href":"https:\/\/api.w.org\/{rel}","templated":true}]}}