{"id":13597,"date":"2023-12-12T15:45:38","date_gmt":"2023-12-12T14:45:38","guid":{"rendered":"https:\/\/dossenberger.de\/?p=13597"},"modified":"2023-12-16T06:51:22","modified_gmt":"2023-12-16T05:51:22","slug":"felicitations-zum-delf-diplom-2023","status":"publish","type":"post","link":"https:\/\/dossenberger.de\/?p=13597","title":{"rendered":"F\u00e9licitations zum DELF-Diplom 2023 !"},"content":{"rendered":"\n<p>Die Fachschaft Franz\u00f6sisch ist stolz darauf, Ihnen die f\u00fcnf Absolventen dieses Jahres zum Delf-Diplom Niveau B1 zu pr\u00e4sentieren: Simon Bschorr, Alexander B\u00f6gner, Max Jost, Benjamin Kammerer und Andy Sun hatten die Pr\u00fcfung freiwillig im Juni 2023 am Dossi abgelegt (m\u00fcndlicher und schriftlicher Teil) und sie haben sie mit Bravour bestanden. Mit diesem Zertifikat k\u00f6nnen sie ihre Chancen auf dem Arbeitsmarkt oder bei der Suche nach einem Studienplatz erh\u00f6hen. Franz\u00f6sischkenntnisse k\u00f6nnen sie bestimmt gut gebrauchen, denn Franz\u00f6sisch ist nach wie vor eine wichtige Wirtschaftssprache in vielen L\u00e4ndern der Welt. <br>Bravo les gar\u00e7ons, ihr habt bewiesen, dass ihr es auch \u201edrauf habt\u201c, entgegen den Vorurteilen, M\u00e4dchen seien besser in Fremdsprachen. Hut ab zu eurem Mut und eurem Engagement und \u201ebonne chance\u201c!<\/p>\n<p>Wer sich f\u00fcr das DELF-Diplom B1 oder B2 am Dossenberger-Gymnasium interessiert (ab der Klasse 10), kann sich auf der Website des Institut Fran\u00e7ais M\u00fcnchen oder bei der Fachschaft Franz\u00f6sisch informieren.<\/p>\n<p><em>Wecker<\/em><\/p>\n","protected":false},"excerpt":{"rendered":"<p>Die Fachschaft Franz\u00f6sisch ist stolz darauf, Ihnen die f\u00fcnf Absolventen dieses Jahres zum Delf-Diplom Niveau B1 zu pr\u00e4sentieren: Simon Bschorr,<\/p>\n","protected":false},"author":2,"featured_media":13598,"comment_status":"closed","ping_status":"closed","sticky":false,"template":"","format":"standard","meta":{"colormag_page_container_layout":"default_layout","colormag_page_sidebar_layout":"default_layout","ngg_post_thumbnail":0,"_price":"","_stock":"","_tribe_ticket_header":"","_tribe_default_ticket_provider":"","_tribe_ticket_capacity":"0","_ticket_start_date":"","_ticket_end_date":"","_tribe_ticket_show_description":"","_tribe_ticket_show_not_going":false,"_tribe_ticket_use_global_stock":"","_tribe_ticket_global_stock_level":"","_global_stock_mode":"","_global_stock_cap":"","_tribe_rsvp_for_event":"","_tribe_ticket_going_count":"","_tribe_ticket_not_going_count":"","_tribe_tickets_list":"[]","_tribe_ticket_has_attendee_info_fields":false,"footnotes":""},"categories":[10,3],"tags":[],"class_list":["post-13597","post","type-post","status-publish","format-standard","has-post-thumbnail","hentry","category-franzoesisch","category-fachunterricht"],"_links":{"self":[{"href":"https:\/\/dossenberger.de\/index.php?rest_route=\/wp\/v2\/posts\/13597","targetHints":{"allow":["GET"]}}],"collection":[{"href":"https:\/\/dossenberger.de\/index.php?rest_route=\/wp\/v2\/posts"}],"about":[{"href":"https:\/\/dossenberger.de\/index.php?rest_route=\/wp\/v2\/types\/post"}],"author":[{"embeddable":true,"href":"https:\/\/dossenberger.de\/index.php?rest_route=\/wp\/v2\/users\/2"}],"replies":[{"embeddable":true,"href":"https:\/\/dossenberger.de\/index.php?rest_route=%2Fwp%2Fv2%2Fcomments&post=13597"}],"version-history":[{"count":1,"href":"https:\/\/dossenberger.de\/index.php?rest_route=\/wp\/v2\/posts\/13597\/revisions"}],"predecessor-version":[{"id":13599,"href":"https:\/\/dossenberger.de\/index.php?rest_route=\/wp\/v2\/posts\/13597\/revisions\/13599"}],"wp:featuredmedia":[{"embeddable":true,"href":"https:\/\/dossenberger.de\/index.php?rest_route=\/wp\/v2\/media\/13598"}],"wp:attachment":[{"href":"https:\/\/dossenberger.de\/index.php?rest_route=%2Fwp%2Fv2%2Fmedia&parent=13597"}],"wp:term":[{"taxonomy":"category","embeddable":true,"href":"https:\/\/dossenberger.de\/index.php?rest_route=%2Fwp%2Fv2%2Fcategories&post=13597"},{"taxonomy":"post_tag","embeddable":true,"href":"https:\/\/dossenberger.de\/index.php?rest_route=%2Fwp%2Fv2%2Ftags&post=13597"}],"curies":[{"name":"wp","href":"https:\/\/api.w.org\/{rel}","templated":true}]}}