{"id":13677,"date":"2024-01-20T14:12:22","date_gmt":"2024-01-20T13:12:22","guid":{"rendered":"https:\/\/dossenberger.de\/?p=13677"},"modified":"2024-02-27T15:12:37","modified_gmt":"2024-02-27T14:12:37","slug":"buch-des-monats-02-2024","status":"publish","type":"post","link":"https:\/\/dossenberger.de\/?p=13677","title":{"rendered":"Buch des Monats 02\/2024"},"content":{"rendered":"\n<h3>&#8220;Gittersee&#8221; von Charlotte Gneu\u00df<\/h3>\n<p><span style=\"font-size: 15px; color: #444444; font-family: 'Open Sans', serif; background-color: #ffffff;\">1976, im Dresdner Vorort Gittersee: Karin ist 16, h\u00fctet ihre kleine Schwester und hilft der renitenten Gro\u00dfmutter im Haushalt, die ihrer Zeit als Blitzm\u00e4del hinterhertrauert. Karins Vater verzweifelt an der Reparatur seines \u0160kodas wie an der des Familienlebens, und ihre Mutter w\u00fcrde am liebsten ein anderes Leben f\u00fchren. Aufgehoben f\u00fchlt sich Karin bei ihrer Freundin Marie, dem einzigen M\u00e4dchen in der Klasse, das sp\u00e4ter nicht etwas machen, sondern etwas werden will: die erste Frau auf dem Mond. Und Karin ist verliebt: in ihren Freund Paul, der gerne K\u00fcnstler w\u00e4re, aber im Schacht bei der Wismut arbeitet. Als Paul zu einem Ausflug aufbricht und nicht mehr zur\u00fcck-kommt, stehen eines Nachts zwei Uniformierte vor der T\u00fcr, und Karins Welt ger\u00e4t aus den Fugen.<\/span><\/p>\n<div id=\"toolbar-c0acb862-99f8-4acb-aa90-ef1da65d622b\" class=\"block-library-classic__toolbar tma-classic-paragraph__toolbar\" data-placeholder=\"Klassischer Absatz\">\n<div id=\"mceu_42\" class=\"mce-tinymce mce-tinymce-inline mce-container mce-panel\" tabindex=\"-1\" role=\"application\">\n<div id=\"mceu_42-body\" class=\"mce-container-body mce-abs-layout\">\n<div id=\"mceu_51\" class=\"mce-toolbar-grp mce-container mce-panel mce-abs-layout-item mce-last\" tabindex=\"-1\" role=\"group\">\n<div id=\"mceu_51-body\" class=\"mce-container-body mce-stack-layout\">\n<div id=\"mceu_52\" class=\"mce-container mce-toolbar mce-stack-layout-item mce-first mce-last\" role=\"toolbar\">\n<div id=\"mceu_52-body\" class=\"mce-container-body mce-flow-layout\">\n<div id=\"mceu_53\" class=\"mce-container mce-flow-layout-item mce-first mce-last mce-btn-group\" role=\"group\">\n<div id=\"mceu_53-body\">&nbsp;<\/div>\n<\/div>\n<\/div>\n<\/div>\n<\/div>\n<\/div>\n<\/div>\n<\/div>\n<\/div>\n<div id=\"editor-c0acb862-99f8-4acb-aa90-ef1da65d622b\" class=\"wp-block-freeform block-library-rich-text__tinymce tma-classic-paragraph mce-content-body html5-captions mce-edit-focus\" contenteditable=\"true\">\n<table>\n<tbody>\n<tr>\n<td><img loading=\"lazy\" decoding=\"async\" class=\"alignleft size-full wp-image-13679\" src=\"https:\/\/dossenberger.de\/wp-content\/uploads\/2024\/01\/feb2024_klein.jpg\" alt=\"\" width=\"192\" height=\"314\" srcset=\"https:\/\/dossenberger.de\/wp-content\/uploads\/2024\/01\/feb2024_klein.jpg 192w, https:\/\/dossenberger.de\/wp-content\/uploads\/2024\/01\/feb2024_klein-183x300.jpg 183w\" sizes=\"auto, (max-width: 192px) 100vw, 192px\" \/>\n<p>&nbsp;<\/p>\n<\/td>\n<td>\n<p><strong>Roman<\/strong><br>\u00a9 2023 S. Fischer Verlag, Frankfurt<br>240 Seiten<br>Preis: 22,00 EURO<br>ISBN: 978-3-10-397088-3<\/p>\n<p><strong>Buchbesprechung: <\/strong>23. Febuar 2024 (Raum 1.52)<br><strong>Zeit:<\/strong>&nbsp;12:30 Uhr<\/p>\n<\/td>\n<\/tr>\n<\/tbody>\n<\/table>\n<p><strong>Rezensionen:<\/strong><\/p>\n<p>&#8220;Ein ganz, ganz tolles Buch.&#8221;<br><em>Evelyn R\u00f6wekamp, Deutschlandfunk, 02.08.2023<\/em><\/p>\n<p>&#8220;[&#8230;] ein Zeitdokument, verpackt in eine dramatische Familiengeschichte. Sollte Schullekt\u00fcre werden. Oder mindestens ein Bestseller.&#8221;<br><em>Christine Westermann, Stern, 31.08.2023<\/em><\/p>\n<\/div>\n","protected":false},"excerpt":{"rendered":"<p>&#8220;Gittersee&#8221; von Charlotte Gneu\u00df 1976, im Dresdner Vorort Gittersee: Karin ist 16, h\u00fctet ihre kleine Schwester und hilft der renitenten<\/p>\n","protected":false},"author":2,"featured_media":13678,"comment_status":"closed","ping_status":"closed","sticky":false,"template":"","format":"standard","meta":{"colormag_page_container_layout":"default_layout","colormag_page_sidebar_layout":"default_layout","ngg_post_thumbnail":0,"_price":"","_stock":"","_tribe_ticket_header":"","_tribe_default_ticket_provider":"","_tribe_ticket_capacity":"0","_ticket_start_date":"","_ticket_end_date":"","_tribe_ticket_show_description":"","_tribe_ticket_show_not_going":false,"_tribe_ticket_use_global_stock":"","_tribe_ticket_global_stock_level":"","_global_stock_mode":"","_global_stock_cap":"","_tribe_rsvp_for_event":"","_tribe_ticket_going_count":"","_tribe_ticket_not_going_count":"","_tribe_tickets_list":"[]","_tribe_ticket_has_attendee_info_fields":false,"footnotes":""},"categories":[6,7,3],"tags":[],"class_list":["post-13677","post","type-post","status-publish","format-standard","has-post-thumbnail","hentry","category-deutsch","category-literatur-ag","category-fachunterricht"],"_links":{"self":[{"href":"https:\/\/dossenberger.de\/index.php?rest_route=\/wp\/v2\/posts\/13677","targetHints":{"allow":["GET"]}}],"collection":[{"href":"https:\/\/dossenberger.de\/index.php?rest_route=\/wp\/v2\/posts"}],"about":[{"href":"https:\/\/dossenberger.de\/index.php?rest_route=\/wp\/v2\/types\/post"}],"author":[{"embeddable":true,"href":"https:\/\/dossenberger.de\/index.php?rest_route=\/wp\/v2\/users\/2"}],"replies":[{"embeddable":true,"href":"https:\/\/dossenberger.de\/index.php?rest_route=%2Fwp%2Fv2%2Fcomments&post=13677"}],"version-history":[{"count":3,"href":"https:\/\/dossenberger.de\/index.php?rest_route=\/wp\/v2\/posts\/13677\/revisions"}],"predecessor-version":[{"id":13684,"href":"https:\/\/dossenberger.de\/index.php?rest_route=\/wp\/v2\/posts\/13677\/revisions\/13684"}],"wp:featuredmedia":[{"embeddable":true,"href":"https:\/\/dossenberger.de\/index.php?rest_route=\/wp\/v2\/media\/13678"}],"wp:attachment":[{"href":"https:\/\/dossenberger.de\/index.php?rest_route=%2Fwp%2Fv2%2Fmedia&parent=13677"}],"wp:term":[{"taxonomy":"category","embeddable":true,"href":"https:\/\/dossenberger.de\/index.php?rest_route=%2Fwp%2Fv2%2Fcategories&post=13677"},{"taxonomy":"post_tag","embeddable":true,"href":"https:\/\/dossenberger.de\/index.php?rest_route=%2Fwp%2Fv2%2Ftags&post=13677"}],"curies":[{"name":"wp","href":"https:\/\/api.w.org\/{rel}","templated":true}]}}