{"id":13748,"date":"2024-02-27T16:30:18","date_gmt":"2024-02-27T15:30:18","guid":{"rendered":"https:\/\/dossenberger.de\/?p=13748"},"modified":"2024-03-23T06:37:34","modified_gmt":"2024-03-23T05:37:34","slug":"die-ddr-ist-auch-unser-erbe-charlotte-gneuss","status":"publish","type":"post","link":"https:\/\/dossenberger.de\/?p=13748","title":{"rendered":"\u201eDie DDR ist auch unser Erbe\u201c (Charlotte Gneu\u00df)"},"content":{"rendered":"\n\n\n<p>Die 32-j\u00e4hrige Autorin Charlotte Gneu\u00df deb\u00fctierte 2023 mit dem Roman \u201eGittersee\u201c, dessen Handlung im Dresden der 1970er Jahre spielt. Am 19.02.2024 kam sie f\u00fcr eine Lesung aus diesem Roman an das Dossenberger-Gymnasium und las f\u00fcr die ca. 200 Sch\u00fclerinnen und Sch\u00fcler der Jahrgangsstufen zehn bis zw\u00f6lf.<\/p>\n<p>Die Handlung des Romans ist gesellschaftlich interessant, da gezeigt wird, wie die 16-j\u00e4hrige Karin K\u00f6hler zu einer Inoffiziellen Mitarbeiterin (IM) der Stasi wird. Karin ist verzweifelt, da ihr Freund Paul Republikflucht begangen hat und sie ihn nicht mehr sehen kann. Gleichzeitig muss sie sich um ihre erst wenige Jahre alte kleine Schwester k\u00fcmmern und ihre Eltern trennen sich im Verlauf der Handlung. Der ihr zugeordnete F\u00fchrungsoffizier nutzt diese emotionale und famili\u00e4re Notlage geschickt aus und zieht Karin immer tiefer in das Netzwerk der Stasi hinein. Gesellschaftlich interessant ist diese Handlung deshalb, weil Karin eigentlich selbst ein Opfer der Stasi ist, aber andererseits ihre Mitsch\u00fcler und weitere Menschen in ihrem Umfeld \u2013 auch ihre beste Freundin \u2013 verr\u00e4t. Besonders schwierig zu entscheiden ist daher die Frage nach der Schuld und der Verantwortung Karins. Genau das war auch die Absicht, die Charlotte Gneu\u00df mit dem Roman verband. Sie wollte, dass bei der Erinnerung an die DDR und die SED-Diktatur die Frage nach der Verantwortung nicht in Vergessenheit ger\u00e4t.<\/p>\n<p><img loading=\"lazy\" decoding=\"async\" class=\"aligncenter size-full wp-image-13750\" src=\"https:\/\/dossenberger.de\/wp-content\/uploads\/2024\/02\/autoren2024-2.jpg\" alt=\"\" width=\"800\" height=\"292\" srcset=\"https:\/\/dossenberger.de\/wp-content\/uploads\/2024\/02\/autoren2024-2.jpg 800w, https:\/\/dossenberger.de\/wp-content\/uploads\/2024\/02\/autoren2024-2-300x110.jpg 300w, https:\/\/dossenberger.de\/wp-content\/uploads\/2024\/02\/autoren2024-2-768x280.jpg 768w\" sizes=\"auto, (max-width: 800px) 100vw, 800px\" \/><\/p>\n<p>Zu Beginn der Lesung war die Aufregung, eine deutschlandweit bekannte Autorin zu sehen, unter den Sch\u00fclerinnen und Sch\u00fclern f\u00f6rmlich zu sp\u00fcren. Dies \u00e4nderte sich, nachdem die Autorin die Lesung souver\u00e4n einleitete und die Sch\u00fcler von Anfang an direkt mit einband und aktiv teilnehmen lie\u00df, indem sie sie dazu aufforderte, Fragen zum Roman oder auch zu ihrer Person zu stellen. Dabei stellte sich heraus, dass es in Charlotte Gneu\u00df\u2018 Familie ebenfalls F\u00e4lle von Republikflucht gegeben hat und ihre Eltern per Ausreiseantrag noch kurz vor dem Ende der DDR ausgereist sind.<\/p>\n<p>Interessant waren auch ihre Antworten auf die Frage nach ihrer Vorgehensweise. Da sie selbst keine Zeitzeugin ist, konnte sie zwar Erz\u00e4hlungen ihrer Eltern nutzen, musste sich aber viele Details auch durch Recherche aneignen. In einem solchen Gespr\u00e4ch mit einem ehemaligen Inoffiziellen Mitarbeiter der Stasi wurde ihr beispielsweise best\u00e4tigt, dass es tats\u00e4chlich \u00fcblich war, dass Vereinbarungen mit der Stasi im Direktorat des Schulleiters unterschrieben wurden.<\/p>\n<p><img loading=\"lazy\" decoding=\"async\" class=\"aligncenter size-full wp-image-13751\" src=\"https:\/\/dossenberger.de\/wp-content\/uploads\/2024\/02\/autoren2024-3.jpg\" alt=\"\" width=\"640\" height=\"427\" srcset=\"https:\/\/dossenberger.de\/wp-content\/uploads\/2024\/02\/autoren2024-3.jpg 640w, https:\/\/dossenberger.de\/wp-content\/uploads\/2024\/02\/autoren2024-3-300x200.jpg 300w\" sizes=\"auto, (max-width: 640px) 100vw, 640px\" \/><\/p>\n<p>Durch die Lesung wurden einige Sch\u00fclerinnen und Sch\u00fcler motiviert, den Roman \u201eGittersee\u201c zu lesen. Auch wurde \u00fcber die DDR aufgekl\u00e4rt, um die es ja im Roman geht. Insgesamt war es eine sehr informative Lesung, bei der interessante Fragen gekl\u00e4rt wurden.<\/p>\n<p><em>Leonard Wagner (10b)<\/em><\/p>\n","protected":false},"excerpt":{"rendered":"<p>Die 32-j\u00e4hrige Autorin Charlotte Gneu\u00df deb\u00fctierte 2023 mit dem Roman \u201eGittersee\u201c, dessen Handlung im Dresden der 1970er Jahre spielt. Am<\/p>\n","protected":false},"author":2,"featured_media":13749,"comment_status":"closed","ping_status":"closed","sticky":false,"template":"","format":"standard","meta":{"colormag_page_container_layout":"default_layout","colormag_page_sidebar_layout":"default_layout","ngg_post_thumbnail":0,"_price":"","_stock":"","_tribe_ticket_header":"","_tribe_default_ticket_provider":"","_tribe_ticket_capacity":"0","_ticket_start_date":"","_ticket_end_date":"","_tribe_ticket_show_description":"","_tribe_ticket_show_not_going":false,"_tribe_ticket_use_global_stock":"","_tribe_ticket_global_stock_level":"","_global_stock_mode":"","_global_stock_cap":"","_tribe_rsvp_for_event":"","_tribe_ticket_going_count":"","_tribe_ticket_not_going_count":"","_tribe_tickets_list":"[]","_tribe_ticket_has_attendee_info_fields":false,"footnotes":""},"categories":[6,3],"tags":[],"class_list":["post-13748","post","type-post","status-publish","format-standard","has-post-thumbnail","hentry","category-deutsch","category-fachunterricht"],"_links":{"self":[{"href":"https:\/\/dossenberger.de\/index.php?rest_route=\/wp\/v2\/posts\/13748","targetHints":{"allow":["GET"]}}],"collection":[{"href":"https:\/\/dossenberger.de\/index.php?rest_route=\/wp\/v2\/posts"}],"about":[{"href":"https:\/\/dossenberger.de\/index.php?rest_route=\/wp\/v2\/types\/post"}],"author":[{"embeddable":true,"href":"https:\/\/dossenberger.de\/index.php?rest_route=\/wp\/v2\/users\/2"}],"replies":[{"embeddable":true,"href":"https:\/\/dossenberger.de\/index.php?rest_route=%2Fwp%2Fv2%2Fcomments&post=13748"}],"version-history":[{"count":1,"href":"https:\/\/dossenberger.de\/index.php?rest_route=\/wp\/v2\/posts\/13748\/revisions"}],"predecessor-version":[{"id":13752,"href":"https:\/\/dossenberger.de\/index.php?rest_route=\/wp\/v2\/posts\/13748\/revisions\/13752"}],"wp:featuredmedia":[{"embeddable":true,"href":"https:\/\/dossenberger.de\/index.php?rest_route=\/wp\/v2\/media\/13749"}],"wp:attachment":[{"href":"https:\/\/dossenberger.de\/index.php?rest_route=%2Fwp%2Fv2%2Fmedia&parent=13748"}],"wp:term":[{"taxonomy":"category","embeddable":true,"href":"https:\/\/dossenberger.de\/index.php?rest_route=%2Fwp%2Fv2%2Fcategories&post=13748"},{"taxonomy":"post_tag","embeddable":true,"href":"https:\/\/dossenberger.de\/index.php?rest_route=%2Fwp%2Fv2%2Ftags&post=13748"}],"curies":[{"name":"wp","href":"https:\/\/api.w.org\/{rel}","templated":true}]}}