{"id":13895,"date":"2024-05-01T21:12:06","date_gmt":"2024-05-01T19:12:06","guid":{"rendered":"https:\/\/dossenberger.de\/?p=13895"},"modified":"2024-09-25T08:20:25","modified_gmt":"2024-09-25T06:20:25","slug":"dossis-in-bruessel","status":"publish","type":"post","link":"https:\/\/dossenberger.de\/?p=13895","title":{"rendered":"Dossenberger in Br\u00fcssel"},"content":{"rendered":"\n\n\n<h5>Montag, 08. April 2024<\/h5>\n<p>Nach unserer nervenaufreibenden Anreise am Sonntag, haben wir am darauffolgenden Tag alle ausgiebig in der Hotellobby gefr\u00fchst\u00fcckt und uns f\u00fcr den Tag entsprechend angezogen. Um 09.00 Uhr holte uns Laura Stahme in der Lobby ab, eine Praktikantin der Bayrischen Vertretung im Bereich der \u00d6ffentlichkeitsarbeit. Sie hatte bereits U-Bahn Tickets dabei. Mit der wir dann auch fuhren. Wir waren alle begeistert als wir nach der kurzen Fahrt wieder ans Tageslicht kamen: das Europaviertel. Viele gro\u00dfe Geb\u00e4ude, beeindruckende Bauten und massenhaft Menschen. Direkt vor uns das Berlaymont-Geb\u00e4ude am Place Schuman.<\/p>\n<p><img loading=\"lazy\" decoding=\"async\" class=\"aligncenter  wp-image-13896\" src=\"https:\/\/dossenberger.de\/wp-content\/uploads\/2024\/05\/bruessel24-1.jpg\" alt=\"\" width=\"556\" height=\"417\" srcset=\"https:\/\/dossenberger.de\/wp-content\/uploads\/2024\/05\/bruessel24-1.jpg 640w, https:\/\/dossenberger.de\/wp-content\/uploads\/2024\/05\/bruessel24-1-300x225.jpg 300w\" sizes=\"auto, (max-width: 556px) 100vw, 556px\" \/><\/p>\n<p>Zu Fu\u00df liefen wir zum Besuchereingang der Europ\u00e4ischen Kommission. Wir mussten alle eine kurze Sicherheitskontrolle durchlaufen. S\u00e4mtliche elektronische Ger\u00e4te sowie G\u00fcrtel und andere metallische Gegenst\u00e4nde legten wir auf ein Band und wurden wie am Flughafen durchleuchtet. Auch unsre Reisep\u00e4sse bzw. Personalauswei\u00dfe wurden vom Sicherheitspersonal kritisch angeschaut. In einem kleineren Sitzungssaal bekamen wir einen circa einst\u00fcndigen Vortrag von Stefan Zotti (Generaldirektion Bildung, Jugend. Sport und Kultur), indem er uns \u00fcber die Aufgaben der Europ\u00e4ischen Kommission unterrichtete. Unser Wissen wurde durch viele Interessante Fakten und Geschichten aus seinem Arbeitsleben erg\u00e4nzt. Er veranschaulichte uns durch viele Beispiele die Arbeitswei\u00dfe der Kommission intern aber auch mit den anderen politischen Institutionen der Europ\u00e4ischen Union zusammen.<\/p>\n<p><img loading=\"lazy\" decoding=\"async\" class=\"aligncenter  wp-image-13897\" src=\"https:\/\/dossenberger.de\/wp-content\/uploads\/2024\/05\/bruessel24-2.jpg\" alt=\"\" width=\"467\" height=\"350\" srcset=\"https:\/\/dossenberger.de\/wp-content\/uploads\/2024\/05\/bruessel24-2.jpg 640w, https:\/\/dossenberger.de\/wp-content\/uploads\/2024\/05\/bruessel24-2-300x225.jpg 300w\" sizes=\"auto, (max-width: 467px) 100vw, 467px\" \/><\/p>\n<p>Danach ging es weiter zur Bayrischen Vertretung in Br\u00fcssel. Ein imposantes Geb\u00e4ude, ebenfalls mit strengen Sicherheitsvorkehrungen. Wir erhielten eine mehr als ausf\u00fchrliche F\u00fchrung durch die ganze Anlage. Das Hauptgeb\u00e4ude, ein ehemaliges Institut indem der Impfstoff gegen Keuchhusten entwickelt wurde (sogar Albert Einstein und Marie Currie waren bereits dort), beherbergt heutzutage unter anderem ein B\u00fcro f\u00fcr unseren Ministerpr\u00e4sidenten Dr. Markus S\u00f6der (mit einem riesigen Marmorschreibtisch), das B\u00fcro des Leiters der Vertretung und viele Besprechungsr\u00e4ume sowie weitere B\u00fcrofl\u00e4che. In einem ehemaligen Pferdestall befinden sich jetzt Veranstaltungsr\u00e4ume f\u00fcr den Austausch und das Zusammenkommen verschiedenster Menschengruppen. Im Keller des Pferdestalls ist ein wundersch\u00f6ner Bier- und auch ein Weinkeller, mit extra importierten bayrischen Getr\u00e4nken und einer exklusiven Bierfilzsammlung. Im bereits erw\u00e4hnten Weinkeller bekamen wir einen kleinen Imbiss mit Getr\u00e4nken und erhielten auch hier ausf\u00fchrliche Einblicke in die Arbeitsweise der Bayrischen Vertretung. Diese fungiert in erster Linie als Informationsbeschaffung und dem direkten Austausch mit politischen Akteuren vor Ort, um die Interessen von Bayern bestm\u00f6glich international zu Vertreten.<\/p>\n<p><img loading=\"lazy\" decoding=\"async\" class=\"aligncenter size-full wp-image-13898\" src=\"https:\/\/dossenberger.de\/wp-content\/uploads\/2024\/05\/bruessel24-3.jpg\" alt=\"\" width=\"640\" height=\"480\" srcset=\"https:\/\/dossenberger.de\/wp-content\/uploads\/2024\/05\/bruessel24-3.jpg 640w, https:\/\/dossenberger.de\/wp-content\/uploads\/2024\/05\/bruessel24-3-300x225.jpg 300w\" sizes=\"auto, (max-width: 640px) 100vw, 640px\" \/><\/p>\n<p>Als n\u00e4chstes sind wir, nach einer erneuten Sicherheitskontrolle, ins Europ\u00e4ische Parlament. Ein enorm gro\u00dfes Geb\u00e4ude. Dort konnten wir uns mit Markus Ferber unterhalten (Abgeordneter f\u00fcr Schwaben). Danach bekamen wir eine F\u00fchrung durch das Geb\u00e4ude. Das Highlight war der gro\u00dfe Plenarsaal, den man sonst nur aus den Nachrichten kennt.<\/p>\n<p><img loading=\"lazy\" decoding=\"async\" class=\"aligncenter  wp-image-13899\" src=\"https:\/\/dossenberger.de\/wp-content\/uploads\/2024\/05\/bruessel24-4.jpg\" alt=\"\" width=\"531\" height=\"398\" srcset=\"https:\/\/dossenberger.de\/wp-content\/uploads\/2024\/05\/bruessel24-4.jpg 640w, https:\/\/dossenberger.de\/wp-content\/uploads\/2024\/05\/bruessel24-4-300x225.jpg 300w\" sizes=\"auto, (max-width: 531px) 100vw, 531px\" \/><\/p>\n<p>Dann ging es nach all den vielen interessanten Informationen zur\u00fcck ins Hotel. Gegen Abend sind wir in ein sehr leckeres Restaurant in der Altstadt von Br\u00fcssel gegangen und haben dort den Tag gemeinsam ausklingen lassen.<\/p>\n<p>&nbsp;<\/p>\n<h5>Dienstag, 08. April 2024<\/h5>\n<p>Am dritten Tag unserer viert\u00e4gigen Br\u00fcssel Fahrt haben wir morgens wieder das gute Fr\u00fchst\u00fcck genie\u00dfen d\u00fcrfen. Um 09.00 Uhr wurden wir in der Lobby von einem freundlichen Stadtf\u00fchrer begr\u00fc\u00dft, der uns dann die Geschichte und Geb\u00e4ude auf Englisch n\u00e4herbrachte. Trotz des windigen Wetters war die Tour lehrreich und der spannend. Nachdem wir uns dann leider von dem Stadtf\u00fchrer verabschiedeten ging es f\u00fcr uns auch schon mit der U-Bahn zum Atomium. Das Atomium, was eine 165-milliardenfache Vergr\u00f6\u00dferung eines Eisenmolek\u00fcls was auch begehbar ist, ist nicht nur von au\u00dfen sehr interessant, sondern bot auch im inneren einiges zu sehen. Im inneren gab es sogar Rolltreppen, die fast bis nach ganz oben f\u00fchrten, ganz nach oben kamen wir dann in der obersten Kugel mit einem Aufzug an. Die oberste Kugel hat ein Restaurant wie auch einen wundervollen Ausblick.<\/p>\n<p><img loading=\"lazy\" decoding=\"async\" class=\"aligncenter  wp-image-13900\" src=\"https:\/\/dossenberger.de\/wp-content\/uploads\/2024\/05\/bruessel24-5.jpg\" alt=\"\" width=\"345\" height=\"460\" srcset=\"https:\/\/dossenberger.de\/wp-content\/uploads\/2024\/05\/bruessel24-5.jpg 480w, https:\/\/dossenberger.de\/wp-content\/uploads\/2024\/05\/bruessel24-5-225x300.jpg 225w\" sizes=\"auto, (max-width: 345px) 100vw, 345px\" \/><\/p>\n<p>Darauf ging es, nachdem wir zur U-Bahn liefen, wieder ins Europaviertel. Im Europaviertel angelangt begann dann unser Besuch im Haus der Europ\u00e4ischen Geschichte wo wir uns mithilfe von einem Audioguide (Kopfh\u00f6ren und Tablet) frei durchs Museum bewegen d\u00fcrften. Im Museum wurde uns die Geschichte von Europa sehr spannend und lehrreich n\u00e4hergebracht, leider ist die europ\u00e4ische Geschichte sehr lang, weswegen man auch nicht alles anh\u00f6ren konnte, da das Museum auch nicht ewig offen hat und wir auch nat\u00fcrlich auf unser n\u00e4chstes Programm besonders freuten.<\/p>\n<p><img loading=\"lazy\" decoding=\"async\" class=\"aligncenter  wp-image-13901\" src=\"https:\/\/dossenberger.de\/wp-content\/uploads\/2024\/05\/bruessel24-6.jpg\" alt=\"\" width=\"467\" height=\"350\" srcset=\"https:\/\/dossenberger.de\/wp-content\/uploads\/2024\/05\/bruessel24-6.jpg 640w, https:\/\/dossenberger.de\/wp-content\/uploads\/2024\/05\/bruessel24-6-300x225.jpg 300w\" sizes=\"auto, (max-width: 467px) 100vw, 467px\" \/><\/p>\n<p>Unser n\u00e4chstes Programm war n\u00e4mlich ein Besuch beim Wolf Sharing Food Market, dieser Besuch w\u00e4re eigentlich n\u00e4mlich schon am Sonntag geplant gewesen war was wir aber aufgrund von den Versp\u00e4tungen der Z\u00fcge aber leider nicht schafften. Der Wolf Sharing Market hatte neben einer gro\u00dfen Bar n\u00e4mlich sehr viel verschiedenes Essen zu bieten, von Pizza bis Sushi, von B\u00fcrgern bis Nudeln gab es noch eine sehr viel gr\u00f6\u00dfere Auswahl an Essen. So haben wir uns gefreut, dass der Besuch nicht ausgefallen ist, und so liefen wir dann zufrieden 7 min bis ins Hotel zur\u00fcck, wo wir uns dann von dem lehrreichen, aber auch anstrengenden Tag erholten damit wir uns f\u00fcr den n\u00e4chsten Tag dann auf die Heimreise vorbereiten k\u00f6nnen.<\/p>\n<p>&nbsp;<\/p>\n<h5>Mittwoch, 09.April 2024<\/h5>\n<p>Mittwoch war der letzte Tag unseres Ausflugs nach Br\u00fcssel, dennoch waren wir vormittags noch bei einer sehr wichtigen Person der Europ\u00e4ischen Union. Denn wir hatten ein Treffen mit der Antisemitismus Beauftragten Katherina von Schnurbein. Als wir sie im Weinkeller der bayrischen Vertretung getroffen haben, war sie seht interessiert an unserem Projekt des Lernzirkels. Deshalb hat Herr Salbaum ihr ein paar Materialien mitgebracht, z.B. hatte er ihr einen Schnellhefter, wie ihn ein Viertkl\u00e4ssler w\u00e4hrend dem Lernzirkel gehabt h\u00e4tte. Vor allem die Idee schon sehr fr\u00fch mit der Antisemitismuspr\u00e4vention zu beginnen, um zu verhindern, dass die antisemitischen \u00dcbergriffe in Zukunft weniger werden. Im Anschluss haben wir vom Team der Vertretung ein Lunchpaket bekommen, da wir darauf hin den n\u00e4chsten ICE nach Frankfurt nehmen sollten.<\/p>\n<p><img loading=\"lazy\" decoding=\"async\" class=\"aligncenter  wp-image-13903\" src=\"https:\/\/dossenberger.de\/wp-content\/uploads\/2024\/05\/bruessel24-7-1-rotated.jpg\" alt=\"\" width=\"365\" height=\"487\" srcset=\"https:\/\/dossenberger.de\/wp-content\/uploads\/2024\/05\/bruessel24-7-1-rotated.jpg 480w, https:\/\/dossenberger.de\/wp-content\/uploads\/2024\/05\/bruessel24-7-1-225x300.jpg 225w\" sizes=\"auto, (max-width: 365px) 100vw, 365px\" \/><\/p>\n<p>Aber leider ist dieser Zug ausgefallen und nachdem Frau Wecker das Bahnhof Nord Personal gefragt hat meinten sie, neun von zehn Z\u00fcgen w\u00fcrden nicht fahren. Darum mussten wir zum Bahnhof S\u00fcd fahren, dort eine Weile warten und anschlie\u00dfend mit einem anderen ICE nach Frankfurt fahren. Von dort an verlief unsere Heimreise nach Plan und wir sind mit leichter Versp\u00e4tung in Ulm Hbf angekommen.<\/p>\n<p><em>Lukas Eberhard, Luka Appelt, David Veh<\/em><\/p>\n","protected":false},"excerpt":{"rendered":"<p>Montag, 08. April 2024 Nach unserer nervenaufreibenden Anreise am Sonntag, haben wir am darauffolgenden Tag alle ausgiebig in der Hotellobby<\/p>\n","protected":false},"author":2,"featured_media":13904,"comment_status":"closed","ping_status":"closed","sticky":false,"template":"","format":"standard","meta":{"colormag_page_container_layout":"default_layout","colormag_page_sidebar_layout":"default_layout","ngg_post_thumbnail":0,"_price":"","_stock":"","_tribe_ticket_header":"","_tribe_default_ticket_provider":"","_tribe_ticket_capacity":"0","_ticket_start_date":"","_ticket_end_date":"","_tribe_ticket_show_description":"","_tribe_ticket_show_not_going":false,"_tribe_ticket_use_global_stock":"","_tribe_ticket_global_stock_level":"","_global_stock_mode":"","_global_stock_cap":"","_tribe_rsvp_for_event":"","_tribe_ticket_going_count":"","_tribe_ticket_not_going_count":"","_tribe_tickets_list":"[]","_tribe_ticket_has_attendee_info_fields":false,"footnotes":""},"categories":[3],"tags":[],"class_list":["post-13895","post","type-post","status-publish","format-standard","has-post-thumbnail","hentry","category-fachunterricht"],"_links":{"self":[{"href":"https:\/\/dossenberger.de\/index.php?rest_route=\/wp\/v2\/posts\/13895","targetHints":{"allow":["GET"]}}],"collection":[{"href":"https:\/\/dossenberger.de\/index.php?rest_route=\/wp\/v2\/posts"}],"about":[{"href":"https:\/\/dossenberger.de\/index.php?rest_route=\/wp\/v2\/types\/post"}],"author":[{"embeddable":true,"href":"https:\/\/dossenberger.de\/index.php?rest_route=\/wp\/v2\/users\/2"}],"replies":[{"embeddable":true,"href":"https:\/\/dossenberger.de\/index.php?rest_route=%2Fwp%2Fv2%2Fcomments&post=13895"}],"version-history":[{"count":2,"href":"https:\/\/dossenberger.de\/index.php?rest_route=\/wp\/v2\/posts\/13895\/revisions"}],"predecessor-version":[{"id":13906,"href":"https:\/\/dossenberger.de\/index.php?rest_route=\/wp\/v2\/posts\/13895\/revisions\/13906"}],"wp:featuredmedia":[{"embeddable":true,"href":"https:\/\/dossenberger.de\/index.php?rest_route=\/wp\/v2\/media\/13904"}],"wp:attachment":[{"href":"https:\/\/dossenberger.de\/index.php?rest_route=%2Fwp%2Fv2%2Fmedia&parent=13895"}],"wp:term":[{"taxonomy":"category","embeddable":true,"href":"https:\/\/dossenberger.de\/index.php?rest_route=%2Fwp%2Fv2%2Fcategories&post=13895"},{"taxonomy":"post_tag","embeddable":true,"href":"https:\/\/dossenberger.de\/index.php?rest_route=%2Fwp%2Fv2%2Ftags&post=13895"}],"curies":[{"name":"wp","href":"https:\/\/api.w.org\/{rel}","templated":true}]}}