{"id":14238,"date":"2024-11-08T15:18:42","date_gmt":"2024-11-08T14:18:42","guid":{"rendered":"https:\/\/dossenberger.de\/?p=14238"},"modified":"2024-12-18T16:14:54","modified_gmt":"2024-12-18T15:14:54","slug":"dahoam-des-is-a-gfui","status":"publish","type":"post","link":"https:\/\/dossenberger.de\/?p=14238","title":{"rendered":"\u201eDahoam des is a Gfui\u201c"},"content":{"rendered":"\n<h5>Verfassungsviertelstunde zum Thema \u201eHeimat\u201c in der 6a<\/h5>\n\n\n\n<p>Im Rahmen der Verfassungsviertelstunde besch\u00e4ftigte sich die Klasse 6a mit Artikel 131 der Bayerischen Verfassung. Dort hei\u00dft es in Absatz (3): \u201eDie Sch\u00fcler sind im Geiste der Demokratie, in der Liebe zur bayerischen Heimat und zum deutschen Volk und im Sinne der V\u00f6lkervers\u00f6hnung zu erziehen.\u201c<\/p>\n\n\n\n<p>Zun\u00e4chst wurde also die Frage: \u201eWas ist Heimat?\u201c gekl\u00e4rt, bevor die Sch\u00fclerinnen und Sch\u00fcler sich anschlie\u00dfend \u00fcber die Bedeutung von Bayern als \u201eHeimatland\u201c austauschten und Beispiele suchten, was die Schule zur Vermittlung eines \u201eHeimatgef\u00fchls\u201c beitragen kann. Nat\u00fcrlich gab es hier kein richtig oder falsch. Im Zentrum stand vielmehr die Erkenntnis, dass Heimat f\u00fcr jeden etwas anderes bedeuten kann. \u00dcbereinstimmend wurde Heimat jedoch als etwas Wertvolles verstanden und mit Begriffen wie \u201eGeborgenheit\u201c oder \u201eSicherheit\u201c verbunden. Dies kommt auch in Art. 131 zum Ausdruck.<\/p>\n<p>In der darauffolgenden Verfassungsviertelstunde gestalteten die Kinder dann eine Postkarte, die die unterschiedlichen Vorstellungen von \u201eHeimat\u201c widerspiegelt und verdeutlicht, was sie mit dem Begriff \u201eHeimat\u201c verbinden. Dass Bayern etwas besonderes ist, kam hierbei deutlich zum Ausdruck.<\/p>\n\n\n\n<p>Was ist Heimat f\u00fcr dich?<\/p>\n\n\n\n<ul class=\"wp-block-list\">\n<li>Heimat ist da, wo ich mich wohl f\u00fchle.<\/li>\n\n\n\n<li>Meine Familie<\/li>\n\n\n\n<li>Heimat ist f\u00fcr mich dort, wo ich geboren wurde.<\/li>\n\n\n\n<li>F\u00fcr mich bedeutet Heimat Familie und Freunde. Bei ihnen f\u00fchle ich mich n\u00e4mlich wohl. Au\u00dferdem ist Heimat ein Ort, wo ich aufwachsen kann. Deshalb tun mir die Leute ohne Heimat ziemlich leid. Unsere Heimat ist uns wichtig, deshalb sollten wir auf sie Acht geben!<\/li>\n\n\n\n<li>Zuhause<\/li>\n\n\n\n<li>Heimat ist f\u00fcr mich, wenn ich mit Menschen zusammen bin, die mir vertraut sind.<br>Welche Gef\u00fchle verbindest du mit dem Begriff \u201eHeimat\u201c?<\/li>\n\n\n\n<li>Zufriedenheit<\/li>\n\n\n\n<li>Geborgenheit<\/li>\n\n\n\n<li>Zuneigung<\/li>\n\n\n\n<li>Gl\u00fcck<\/li>\n\n\n\n<li>Sicherheit<\/li>\n<\/ul>\n\n\n\n<p><img loading=\"lazy\" decoding=\"async\" class=\"aligncenter  wp-image-14240\" src=\"https:\/\/dossenberger.de\/wp-content\/uploads\/2024\/11\/verf2024-1.jpg\" alt=\"\" width=\"678\" height=\"449\" srcset=\"https:\/\/dossenberger.de\/wp-content\/uploads\/2024\/11\/verf2024-1.jpg 800w, https:\/\/dossenberger.de\/wp-content\/uploads\/2024\/11\/verf2024-1-300x199.jpg 300w, https:\/\/dossenberger.de\/wp-content\/uploads\/2024\/11\/verf2024-1-768x509.jpg 768w\" sizes=\"auto, (max-width: 678px) 100vw, 678px\" \/><\/p>\n\n\n\n<p><img loading=\"lazy\" decoding=\"async\" class=\"aligncenter  wp-image-14241\" src=\"https:\/\/dossenberger.de\/wp-content\/uploads\/2024\/11\/verf2024-2.jpg\" alt=\"\" width=\"694\" height=\"482\" srcset=\"https:\/\/dossenberger.de\/wp-content\/uploads\/2024\/11\/verf2024-2.jpg 800w, https:\/\/dossenberger.de\/wp-content\/uploads\/2024\/11\/verf2024-2-300x209.jpg 300w, https:\/\/dossenberger.de\/wp-content\/uploads\/2024\/11\/verf2024-2-768x534.jpg 768w, https:\/\/dossenberger.de\/wp-content\/uploads\/2024\/11\/verf2024-2-392x272.jpg 392w, https:\/\/dossenberger.de\/wp-content\/uploads\/2024\/11\/verf2024-2-130x90.jpg 130w\" sizes=\"auto, (max-width: 694px) 100vw, 694px\" \/><\/p>\n<p><img loading=\"lazy\" decoding=\"async\" class=\"aligncenter  wp-image-14242\" src=\"https:\/\/dossenberger.de\/wp-content\/uploads\/2024\/11\/verf2024-3.jpg\" alt=\"\" width=\"689\" height=\"470\" srcset=\"https:\/\/dossenberger.de\/wp-content\/uploads\/2024\/11\/verf2024-3.jpg 800w, https:\/\/dossenberger.de\/wp-content\/uploads\/2024\/11\/verf2024-3-300x205.jpg 300w, https:\/\/dossenberger.de\/wp-content\/uploads\/2024\/11\/verf2024-3-768x524.jpg 768w, https:\/\/dossenberger.de\/wp-content\/uploads\/2024\/11\/verf2024-3-130x90.jpg 130w\" sizes=\"auto, (max-width: 689px) 100vw, 689px\" \/><\/p>\n","protected":false},"excerpt":{"rendered":"<p>Verfassungsviertelstunde zum Thema \u201eHeimat\u201c in der 6a Im Rahmen der Verfassungsviertelstunde besch\u00e4ftigte sich die Klasse 6a mit Artikel 131 der<\/p>\n","protected":false},"author":2,"featured_media":14239,"comment_status":"closed","ping_status":"closed","sticky":false,"template":"","format":"standard","meta":{"colormag_page_container_layout":"default_layout","colormag_page_sidebar_layout":"default_layout","ngg_post_thumbnail":0,"_price":"","_stock":"","_tribe_ticket_header":"","_tribe_default_ticket_provider":"","_tribe_ticket_capacity":"0","_ticket_start_date":"","_ticket_end_date":"","_tribe_ticket_show_description":"","_tribe_ticket_show_not_going":false,"_tribe_ticket_use_global_stock":"","_tribe_ticket_global_stock_level":"","_global_stock_mode":"","_global_stock_cap":"","_tribe_rsvp_for_event":"","_tribe_ticket_going_count":"","_tribe_ticket_not_going_count":"","_tribe_tickets_list":"[]","_tribe_ticket_has_attendee_info_fields":false,"footnotes":""},"categories":[6,3],"tags":[],"class_list":["post-14238","post","type-post","status-publish","format-standard","has-post-thumbnail","hentry","category-deutsch","category-fachunterricht"],"_links":{"self":[{"href":"https:\/\/dossenberger.de\/index.php?rest_route=\/wp\/v2\/posts\/14238","targetHints":{"allow":["GET"]}}],"collection":[{"href":"https:\/\/dossenberger.de\/index.php?rest_route=\/wp\/v2\/posts"}],"about":[{"href":"https:\/\/dossenberger.de\/index.php?rest_route=\/wp\/v2\/types\/post"}],"author":[{"embeddable":true,"href":"https:\/\/dossenberger.de\/index.php?rest_route=\/wp\/v2\/users\/2"}],"replies":[{"embeddable":true,"href":"https:\/\/dossenberger.de\/index.php?rest_route=%2Fwp%2Fv2%2Fcomments&post=14238"}],"version-history":[{"count":1,"href":"https:\/\/dossenberger.de\/index.php?rest_route=\/wp\/v2\/posts\/14238\/revisions"}],"predecessor-version":[{"id":14243,"href":"https:\/\/dossenberger.de\/index.php?rest_route=\/wp\/v2\/posts\/14238\/revisions\/14243"}],"wp:featuredmedia":[{"embeddable":true,"href":"https:\/\/dossenberger.de\/index.php?rest_route=\/wp\/v2\/media\/14239"}],"wp:attachment":[{"href":"https:\/\/dossenberger.de\/index.php?rest_route=%2Fwp%2Fv2%2Fmedia&parent=14238"}],"wp:term":[{"taxonomy":"category","embeddable":true,"href":"https:\/\/dossenberger.de\/index.php?rest_route=%2Fwp%2Fv2%2Fcategories&post=14238"},{"taxonomy":"post_tag","embeddable":true,"href":"https:\/\/dossenberger.de\/index.php?rest_route=%2Fwp%2Fv2%2Ftags&post=14238"}],"curies":[{"name":"wp","href":"https:\/\/api.w.org\/{rel}","templated":true}]}}