{"id":14512,"date":"2025-02-23T16:41:04","date_gmt":"2025-02-23T15:41:04","guid":{"rendered":"https:\/\/dossenberger.de\/?p=14512"},"modified":"2025-04-07T07:02:21","modified_gmt":"2025-04-07T05:02:21","slug":"kurztrip-nach-strassburg","status":"publish","type":"post","link":"https:\/\/dossenberger.de\/?p=14512","title":{"rendered":"Kurztrip nach Stra\u00dfburg"},"content":{"rendered":"\n<p>Dieses Jahr ist unser zweij\u00e4hriger Sch\u00fcleraustausch nach Lannion (Bretagne) leider ausgefallen. Doch Frau Wecker und Herr Hartig hatten einen Plan B. Sie haben einen Blitz-Sch\u00fcleraustausch mit einem Coll\u00e8ge nahe Strasbourg (Elsass) Mitte November organisiert und so konnten 20 Sch\u00fclerinnen und Sch\u00fcler aus den 9. Klassen vom 16.1 bis 18.1.25 den franz\u00f6sischen Alltag in echt kennenlernen.<\/p>\n<p><img loading=\"lazy\" decoding=\"async\" class=\"aligncenter size-full wp-image-14514\" src=\"https:\/\/dossenberger.de\/wp-content\/uploads\/2025\/02\/strassburg2025-3.jpg\" alt=\"\" width=\"640\" height=\"480\" srcset=\"https:\/\/dossenberger.de\/wp-content\/uploads\/2025\/02\/strassburg2025-3.jpg 640w, https:\/\/dossenberger.de\/wp-content\/uploads\/2025\/02\/strassburg2025-3-300x225.jpg 300w\" sizes=\"auto, (max-width: 640px) 100vw, 640px\" \/><\/p>\n<p>Am Donnerstag sind wir mit dem TGV ab Ulm nach Stra\u00dfburg gefahren. Es waren knapp zweieinhalb Stunden Reisezeit! Nach der Ankunft sind wir zu unserer Jugendherberge &nbsp;gelaufen und haben unser Gep\u00e4ck auf unsere Zimmer gebracht, dann sind wir in die Innenstadt gelaufen und haben auf dem Weg ein paar wichtige Orte wie Place Kleber, Place Gutenberg und das h\u00fcbsche Viertel am Wasser mit Fachwerkh\u00e4usern, <em>Petite France<\/em>, besucht. Am besten hat uns das M\u00fcnster Notre-Dame mit den eindrucksvollen T\u00fcrmen und wundersch\u00f6nen Fenstern gefallen. Wie haben sogar die Astronomie-Uhr gesehen. Nach einem zwar sehr langen aber interessanten Tag sind wir zur\u00fcck zu unserer Unterkunft. Dort haben wir dann den Abend verbracht und uns auf den n\u00e4chsten Tag vorbereitet. Am Freitag sind wir nach einem franz\u00f6sischen Fr\u00fchst\u00fcck mit Croissants und Baguette mit dem Bus zur Schule gefahren, wo unsere Austauschpartner schon auf uns gewartet haben. Dort haben wir eine Schulstunde im franz\u00f6sischen Unterricht besucht. Hier haben wir, abgesehen von den um zehn Minuten l\u00e4ngeren Stunden noch andere Unterschiede bemerkt. Zum Beispiel, dass es dort l\u00e4ngere Pausen mittags aber in der Regel keine m\u00fcndlichen Abfragen gibt. Allerdings haben die Sch\u00fcler dort deutlich l\u00e4nger Unterricht am Nachmittag (bis 16:45 Uhr!). Den Nachmittag haben wir nach einem gemeinsamen Volleyballspiel individuell mit unseren Austauschpartnern verbracht. Es war spannend, den franz\u00f6sischen Alltag in den jeweiligen Familien miterleben zu d\u00fcrfen. Am n\u00e4chsten Morgen haben wir uns von unseren neuen Freunden verabschiedet und sind in die Innenstadt zur\u00fcckgefahren, wo wir in kleinen Gruppen B\u00e4ckereien, Boutiques und Caf\u00e9s erkunden durften. Alles in allem war es eine tolle Reise auf der wir viel \u00fcber die Kultur und die Sprache gelernt und viele nette Menschen kennengelernt haben.<\/p>\n<p><em>Frederike, Ariane und Frau Wecker<\/em><\/p>\n<p><img loading=\"lazy\" decoding=\"async\" class=\"aligncenter size-full wp-image-14515\" src=\"https:\/\/dossenberger.de\/wp-content\/uploads\/2025\/02\/strassburg2025-1.jpg\" alt=\"\" width=\"640\" height=\"480\" srcset=\"https:\/\/dossenberger.de\/wp-content\/uploads\/2025\/02\/strassburg2025-1.jpg 640w, https:\/\/dossenberger.de\/wp-content\/uploads\/2025\/02\/strassburg2025-1-300x225.jpg 300w\" sizes=\"auto, (max-width: 640px) 100vw, 640px\" \/><\/p>\n<p><img loading=\"lazy\" decoding=\"async\" class=\"aligncenter size-full wp-image-14516\" src=\"https:\/\/dossenberger.de\/wp-content\/uploads\/2025\/02\/strassburg2025-2.jpg\" alt=\"\" width=\"640\" height=\"480\" srcset=\"https:\/\/dossenberger.de\/wp-content\/uploads\/2025\/02\/strassburg2025-2.jpg 640w, https:\/\/dossenberger.de\/wp-content\/uploads\/2025\/02\/strassburg2025-2-300x225.jpg 300w\" sizes=\"auto, (max-width: 640px) 100vw, 640px\" \/><\/p>\n<p><img loading=\"lazy\" decoding=\"async\" class=\"aligncenter size-full wp-image-14517\" src=\"https:\/\/dossenberger.de\/wp-content\/uploads\/2025\/02\/strassburg2025-5.jpg\" alt=\"\" width=\"640\" height=\"480\" srcset=\"https:\/\/dossenberger.de\/wp-content\/uploads\/2025\/02\/strassburg2025-5.jpg 640w, https:\/\/dossenberger.de\/wp-content\/uploads\/2025\/02\/strassburg2025-5-300x225.jpg 300w\" sizes=\"auto, (max-width: 640px) 100vw, 640px\" \/><\/p>\n<p><img loading=\"lazy\" decoding=\"async\" class=\"aligncenter size-full wp-image-14518\" src=\"https:\/\/dossenberger.de\/wp-content\/uploads\/2025\/02\/strassburg2025-4.jpg\" alt=\"\" width=\"480\" height=\"640\" srcset=\"https:\/\/dossenberger.de\/wp-content\/uploads\/2025\/02\/strassburg2025-4.jpg 480w, https:\/\/dossenberger.de\/wp-content\/uploads\/2025\/02\/strassburg2025-4-225x300.jpg 225w\" sizes=\"auto, (max-width: 480px) 100vw, 480px\" \/><\/p>\n","protected":false},"excerpt":{"rendered":"<p>Dieses Jahr ist unser zweij\u00e4hriger Sch\u00fcleraustausch nach Lannion (Bretagne) leider ausgefallen. Doch Frau Wecker und Herr Hartig hatten einen Plan<\/p>\n","protected":false},"author":2,"featured_media":14513,"comment_status":"closed","ping_status":"closed","sticky":false,"template":"","format":"standard","meta":{"colormag_page_container_layout":"default_layout","colormag_page_sidebar_layout":"default_layout","ngg_post_thumbnail":0,"_price":"","_stock":"","_tribe_ticket_header":"","_tribe_default_ticket_provider":"","_tribe_ticket_capacity":"0","_ticket_start_date":"","_ticket_end_date":"","_tribe_ticket_show_description":"","_tribe_ticket_show_not_going":false,"_tribe_ticket_use_global_stock":"","_tribe_ticket_global_stock_level":"","_global_stock_mode":"","_global_stock_cap":"","_tribe_rsvp_for_event":"","_tribe_ticket_going_count":"","_tribe_ticket_not_going_count":"","_tribe_tickets_list":"[]","_tribe_ticket_has_attendee_info_fields":false,"footnotes":""},"categories":[10,3],"tags":[],"class_list":["post-14512","post","type-post","status-publish","format-standard","has-post-thumbnail","hentry","category-franzoesisch","category-fachunterricht"],"_links":{"self":[{"href":"https:\/\/dossenberger.de\/index.php?rest_route=\/wp\/v2\/posts\/14512","targetHints":{"allow":["GET"]}}],"collection":[{"href":"https:\/\/dossenberger.de\/index.php?rest_route=\/wp\/v2\/posts"}],"about":[{"href":"https:\/\/dossenberger.de\/index.php?rest_route=\/wp\/v2\/types\/post"}],"author":[{"embeddable":true,"href":"https:\/\/dossenberger.de\/index.php?rest_route=\/wp\/v2\/users\/2"}],"replies":[{"embeddable":true,"href":"https:\/\/dossenberger.de\/index.php?rest_route=%2Fwp%2Fv2%2Fcomments&post=14512"}],"version-history":[{"count":1,"href":"https:\/\/dossenberger.de\/index.php?rest_route=\/wp\/v2\/posts\/14512\/revisions"}],"predecessor-version":[{"id":14519,"href":"https:\/\/dossenberger.de\/index.php?rest_route=\/wp\/v2\/posts\/14512\/revisions\/14519"}],"wp:featuredmedia":[{"embeddable":true,"href":"https:\/\/dossenberger.de\/index.php?rest_route=\/wp\/v2\/media\/14513"}],"wp:attachment":[{"href":"https:\/\/dossenberger.de\/index.php?rest_route=%2Fwp%2Fv2%2Fmedia&parent=14512"}],"wp:term":[{"taxonomy":"category","embeddable":true,"href":"https:\/\/dossenberger.de\/index.php?rest_route=%2Fwp%2Fv2%2Fcategories&post=14512"},{"taxonomy":"post_tag","embeddable":true,"href":"https:\/\/dossenberger.de\/index.php?rest_route=%2Fwp%2Fv2%2Ftags&post=14512"}],"curies":[{"name":"wp","href":"https:\/\/api.w.org\/{rel}","templated":true}]}}