{"id":15212,"date":"2026-01-25T07:43:03","date_gmt":"2026-01-25T06:43:03","guid":{"rendered":"https:\/\/dossenberger.de\/?p=15212"},"modified":"2026-01-25T07:43:03","modified_gmt":"2026-01-25T06:43:03","slug":"workshop-zur-gewaltpraevention-in-kooperation-mit-der-polizei","status":"publish","type":"post","link":"https:\/\/dossenberger.de\/?p=15212","title":{"rendered":"Workshop zur Gewaltpr\u00e4vention in Kooperation mit der Polizei"},"content":{"rendered":"\n<p>Das Projekt zur Gewaltpr\u00e4vention wurde in Kooperation mit Herrn Mark Schmid von der Kripo Neu-Ulm sowie Frau Carmen Merdian von der Polizei G\u00fcnzburg durchgef\u00fchrt. Ziel der Ma\u00dfnahme war es, Sch\u00fclerinnen und Sch\u00fcler f\u00fcr einen respektvollen Umgang miteinander zu sensibilisieren, Gewalt vorzubeugen und Handlungsm\u00f6glichkeiten in Konfliktsituationen aufzuzeigen. Die Inhalte wurden an vier Vormittagen im Dezember 2025 und Januar 2026 in allen 8. Klassen altersgerecht, praxisnah und verst\u00e4ndlich vermittelt.<\/p>\n\n\n\n<p>Der Vormittag begann mit einer spielerischen Vorstellungsrunde, die mit einer geschickten \u00dcberleitung in das Thema Gewaltpr\u00e4vention einf\u00fchrte. Anschlie\u00dfend wurden verschiedene Formen von Gewalt, deren Ursachen und m\u00f6gliche Konsequenzen thematisiert. Durch Gespr\u00e4che, Fallbeispiele und abwechslungsreiche Rollenspiele wurden die Sch\u00fclerinnen und Sch\u00fcler aktiv in den Ablauf eingebunden. Zu jeder Konfliktsituation wurden immer direkt gemeinsam L\u00f6sungsstrategien erarbeitet. Deswegen begriffen die Sch\u00fcler schnell, dass viele kritische Situationen vermeidbar sind, wenn auf die Regeln geachtet wird.<\/p>\n<p>Die Veranstaltung stellte einen wichtigen Beitrag zur Pr\u00e4ventionsarbeit dar. Die Sch\u00fclerinnen und Sch\u00fcler zeigten gro\u00dfes Interesse und beteiligten sich alle sehr engagiert. Besonders positiv war die offene Atmosph\u00e4re, die es erm\u00f6glichte, auch sensible Themen anzusprechen. Insgesamt konnte das Bewusstsein f\u00fcr ein gewaltfreies Miteinander gest\u00e4rkt werden.<\/p>\n<p>Ein besonderer Dank gilt der Schulleitung f\u00fcr die Unterst\u00fctzung und Organisation dieses Projekts sowie Herrn Schmid und Frau Merdian f\u00fcr die professionelle Umsetzung der Thematik und Durchf\u00fchrung!<\/p>\n<p><img loading=\"lazy\" decoding=\"async\" class=\"aligncenter size-full wp-image-15214\" src=\"https:\/\/dossenberger.de\/wp-content\/uploads\/2026\/01\/gewalt2026-2.jpg\" alt=\"\" width=\"480\" height=\"640\" srcset=\"https:\/\/dossenberger.de\/wp-content\/uploads\/2026\/01\/gewalt2026-2.jpg 480w, https:\/\/dossenberger.de\/wp-content\/uploads\/2026\/01\/gewalt2026-2-225x300.jpg 225w\" sizes=\"auto, (max-width: 480px) 100vw, 480px\" \/><\/p>\n","protected":false},"excerpt":{"rendered":"<p>Das Projekt zur Gewaltpr\u00e4vention wurde in Kooperation mit Herrn Mark Schmid von der Kripo Neu-Ulm sowie Frau Carmen Merdian von<\/p>\n","protected":false},"author":2,"featured_media":15213,"comment_status":"closed","ping_status":"closed","sticky":false,"template":"","format":"standard","meta":{"colormag_page_container_layout":"default_layout","colormag_page_sidebar_layout":"default_layout","ngg_post_thumbnail":0,"_price":"","_stock":"","_tribe_ticket_header":"","_tribe_default_ticket_provider":"","_tribe_ticket_capacity":"","_ticket_start_date":"","_ticket_end_date":"","_tribe_ticket_show_description":"","_tribe_ticket_show_not_going":false,"_tribe_ticket_use_global_stock":"","_tribe_ticket_global_stock_level":"","_global_stock_mode":"","_global_stock_cap":"","_tribe_rsvp_for_event":"","_tribe_ticket_going_count":"","_tribe_ticket_not_going_count":"","_tribe_tickets_list":"[]","_tribe_ticket_has_attendee_info_fields":false,"footnotes":""},"categories":[1],"tags":[],"class_list":["post-15212","post","type-post","status-publish","format-standard","has-post-thumbnail","hentry","category-allgemein"],"_links":{"self":[{"href":"https:\/\/dossenberger.de\/index.php?rest_route=\/wp\/v2\/posts\/15212","targetHints":{"allow":["GET"]}}],"collection":[{"href":"https:\/\/dossenberger.de\/index.php?rest_route=\/wp\/v2\/posts"}],"about":[{"href":"https:\/\/dossenberger.de\/index.php?rest_route=\/wp\/v2\/types\/post"}],"author":[{"embeddable":true,"href":"https:\/\/dossenberger.de\/index.php?rest_route=\/wp\/v2\/users\/2"}],"replies":[{"embeddable":true,"href":"https:\/\/dossenberger.de\/index.php?rest_route=%2Fwp%2Fv2%2Fcomments&post=15212"}],"version-history":[{"count":1,"href":"https:\/\/dossenberger.de\/index.php?rest_route=\/wp\/v2\/posts\/15212\/revisions"}],"predecessor-version":[{"id":15215,"href":"https:\/\/dossenberger.de\/index.php?rest_route=\/wp\/v2\/posts\/15212\/revisions\/15215"}],"wp:featuredmedia":[{"embeddable":true,"href":"https:\/\/dossenberger.de\/index.php?rest_route=\/wp\/v2\/media\/15213"}],"wp:attachment":[{"href":"https:\/\/dossenberger.de\/index.php?rest_route=%2Fwp%2Fv2%2Fmedia&parent=15212"}],"wp:term":[{"taxonomy":"category","embeddable":true,"href":"https:\/\/dossenberger.de\/index.php?rest_route=%2Fwp%2Fv2%2Fcategories&post=15212"},{"taxonomy":"post_tag","embeddable":true,"href":"https:\/\/dossenberger.de\/index.php?rest_route=%2Fwp%2Fv2%2Ftags&post=15212"}],"curies":[{"name":"wp","href":"https:\/\/api.w.org\/{rel}","templated":true}]}}