{"id":1811,"date":"2016-02-02T16:00:39","date_gmt":"2016-02-02T15:00:39","guid":{"rendered":"http:\/\/dossenberger.de\/?p=1811"},"modified":"2018-02-10T10:44:31","modified_gmt":"2018-02-10T09:44:31","slug":"maerchen-der-welt","status":"publish","type":"post","link":"https:\/\/dossenberger.de\/?p=1811","title":{"rendered":"M\u00e4rchen der Welt"},"content":{"rendered":"<p>Im Rahmen des im Deutschunterricht behandelten Themas \u201eM\u00e4rchen\u201c hatten die Sch\u00fcler der Klasse 5a Gelegenheit, sich mit M\u00e4rchen aus aller Welt zu besch\u00e4ftigen und sich ihr eigenes M\u00e4rchenbuch mit dem Titel \u201eM\u00e4rchen der Welt\u201c zu gestalten. <!--more--><\/p>\n<p><img loading=\"lazy\" decoding=\"async\" class=\"aligncenter size-full wp-image-1824\" src=\"https:\/\/dossenberger.de\/wp-content\/uploads\/2016\/02\/maerchen1.jpg\" alt=\"maerchen1\" width=\"307\" height=\"265\" srcset=\"https:\/\/dossenberger.de\/wp-content\/uploads\/2016\/02\/maerchen1.jpg 307w, https:\/\/dossenberger.de\/wp-content\/uploads\/2016\/02\/maerchen1-300x259.jpg 300w\" sizes=\"auto, (max-width: 307px) 100vw, 307px\" \/><\/p>\n<p>Im Mittelpunkt stand hierbei die Arbeit mit dem Computer und das Kennenlernen von Textverarbeitungsprogrammen wie \u201eLibre Office Writer\u201c. Gearbeitet wurde in 2-er Teams. Zun\u00e4chst musste sich jede Sch\u00fclergruppe auf einen Kontinent und sp\u00e4ter dann auf ein Land einigen. Aus einer alphabetisch sortierten\u00a0 Liste mit M\u00e4rchentiteln w\u00e4hlte jede Gruppe dann erst einmal eine besonders interessante \u00dcberschrift. Nachdem jede Gruppe mindestens zwei M\u00e4rchen gelesen hatte, entschieden die Sch\u00fcler sich f\u00fcr ihr Lieblingsm\u00e4rchen. Dieses wurde dann\u00a0 am PC bearbeitet und so gestaltet, dass es die Mitsch\u00fcler auch gerne lesen m\u00f6chten. Am Ende durfte jeder noch den Text verzieren ein passendes Bild zu seinem M\u00e4rchen malen. So entstand schlie\u00dflich das internationale M\u00e4rchenbuch der Klasse 5a, welches auch als Ausstellung in der Aula zu sehen (und lesen) ist.<\/p>\n<p><img loading=\"lazy\" decoding=\"async\" class=\"aligncenter size-full wp-image-1812\" src=\"https:\/\/dossenberger.de\/wp-content\/uploads\/2016\/02\/maerchen2.jpg\" alt=\"maerchen2\" width=\"480\" height=\"640\" srcset=\"https:\/\/dossenberger.de\/wp-content\/uploads\/2016\/02\/maerchen2.jpg 480w, https:\/\/dossenberger.de\/wp-content\/uploads\/2016\/02\/maerchen2-225x300.jpg 225w\" sizes=\"auto, (max-width: 480px) 100vw, 480px\" \/><\/p>\n<p><img loading=\"lazy\" decoding=\"async\" class=\"aligncenter size-full wp-image-1814\" src=\"https:\/\/dossenberger.de\/wp-content\/uploads\/2016\/02\/maerchen3.jpg\" alt=\"maerchen3\" width=\"448\" height=\"336\" srcset=\"https:\/\/dossenberger.de\/wp-content\/uploads\/2016\/02\/maerchen3.jpg 448w, https:\/\/dossenberger.de\/wp-content\/uploads\/2016\/02\/maerchen3-300x225.jpg 300w\" sizes=\"auto, (max-width: 448px) 100vw, 448px\" \/><\/p>\n<p><img loading=\"lazy\" decoding=\"async\" class=\"aligncenter size-full wp-image-1815\" src=\"https:\/\/dossenberger.de\/wp-content\/uploads\/2016\/02\/maerchen5.jpg\" alt=\"maerchen5\" width=\"480\" height=\"640\" srcset=\"https:\/\/dossenberger.de\/wp-content\/uploads\/2016\/02\/maerchen5.jpg 480w, https:\/\/dossenberger.de\/wp-content\/uploads\/2016\/02\/maerchen5-225x300.jpg 225w\" sizes=\"auto, (max-width: 480px) 100vw, 480px\" \/><\/p>\n<p><img loading=\"lazy\" decoding=\"async\" class=\"aligncenter size-full wp-image-1816\" src=\"https:\/\/dossenberger.de\/wp-content\/uploads\/2016\/02\/maerchen4.jpg\" alt=\"maerchen4\" width=\"448\" height=\"336\" srcset=\"https:\/\/dossenberger.de\/wp-content\/uploads\/2016\/02\/maerchen4.jpg 448w, https:\/\/dossenberger.de\/wp-content\/uploads\/2016\/02\/maerchen4-300x225.jpg 300w\" sizes=\"auto, (max-width: 448px) 100vw, 448px\" \/><\/p>\n<p>&nbsp;<\/p>\n","protected":false},"excerpt":{"rendered":"<p>Im Rahmen des im Deutschunterricht behandelten Themas \u201eM\u00e4rchen\u201c hatten die Sch\u00fcler der Klasse 5a Gelegenheit, sich mit M\u00e4rchen aus aller<\/p>\n","protected":false},"author":1,"featured_media":0,"comment_status":"closed","ping_status":"closed","sticky":false,"template":"","format":"standard","meta":{"colormag_page_container_layout":"default_layout","colormag_page_sidebar_layout":"default_layout","ngg_post_thumbnail":0,"_price":"","_stock":"","_tribe_ticket_header":"","_tribe_default_ticket_provider":"","_tribe_ticket_capacity":"0","_ticket_start_date":"","_ticket_end_date":"","_tribe_ticket_show_description":"","_tribe_ticket_show_not_going":false,"_tribe_ticket_use_global_stock":"","_tribe_ticket_global_stock_level":"","_global_stock_mode":"","_global_stock_cap":"","_tribe_rsvp_for_event":"","_tribe_ticket_going_count":"","_tribe_ticket_not_going_count":"","_tribe_tickets_list":"[]","_tribe_ticket_has_attendee_info_fields":false,"footnotes":""},"categories":[6,3],"tags":[],"class_list":["post-1811","post","type-post","status-publish","format-standard","hentry","category-deutsch","category-fachunterricht"],"_links":{"self":[{"href":"https:\/\/dossenberger.de\/index.php?rest_route=\/wp\/v2\/posts\/1811","targetHints":{"allow":["GET"]}}],"collection":[{"href":"https:\/\/dossenberger.de\/index.php?rest_route=\/wp\/v2\/posts"}],"about":[{"href":"https:\/\/dossenberger.de\/index.php?rest_route=\/wp\/v2\/types\/post"}],"author":[{"embeddable":true,"href":"https:\/\/dossenberger.de\/index.php?rest_route=\/wp\/v2\/users\/1"}],"replies":[{"embeddable":true,"href":"https:\/\/dossenberger.de\/index.php?rest_route=%2Fwp%2Fv2%2Fcomments&post=1811"}],"version-history":[{"count":3,"href":"https:\/\/dossenberger.de\/index.php?rest_route=\/wp\/v2\/posts\/1811\/revisions"}],"predecessor-version":[{"id":1825,"href":"https:\/\/dossenberger.de\/index.php?rest_route=\/wp\/v2\/posts\/1811\/revisions\/1825"}],"wp:attachment":[{"href":"https:\/\/dossenberger.de\/index.php?rest_route=%2Fwp%2Fv2%2Fmedia&parent=1811"}],"wp:term":[{"taxonomy":"category","embeddable":true,"href":"https:\/\/dossenberger.de\/index.php?rest_route=%2Fwp%2Fv2%2Fcategories&post=1811"},{"taxonomy":"post_tag","embeddable":true,"href":"https:\/\/dossenberger.de\/index.php?rest_route=%2Fwp%2Fv2%2Ftags&post=1811"}],"curies":[{"name":"wp","href":"https:\/\/api.w.org\/{rel}","templated":true}]}}