{"id":1845,"date":"2016-02-17T13:16:41","date_gmt":"2016-02-17T12:16:41","guid":{"rendered":"http:\/\/dossenberger.de\/?p=1845"},"modified":"2018-02-10T10:43:53","modified_gmt":"2018-02-10T09:43:53","slug":"robert-domes-liest-fuer-die-9-klassen","status":"publish","type":"post","link":"https:\/\/dossenberger.de\/?p=1845","title":{"rendered":"Robert Domes liest f\u00fcr die 9. Klassen &#8230;"},"content":{"rendered":"<h2>&#8230; aus seinem Roman \u201eNebel im August\u201c<\/h2>\n<p><strong>Am 2. Februar 2016 fand die Autorenlesung auf Einladung von StRefin Lachenmeyer im Saal der Sparkasse G\u00fcnzburg statt. Der Autor p\u00e4sentierte die\u00a0 Lebensgeschichte eines Euthanasieopfers aus dem Dritten Reich. Gebannt h\u00f6rten die Sch\u00fclerinnen und Sch\u00fcler der neunten Jahrgangsstufe zu. Ernst Lossa, dessen Leben im Dritten Reich ein tragisches Ende nahm, hat alle tief ber\u00fchrt.<\/strong><!--more--><\/p>\n<p>K\u00fchl aber kein Nebel. Es ist auch nicht August, sondern Februar. Ich betrete den Raum und ein durchdringender Blick trifft mich. Ich schaue nach vorne und blicke in das Gesicht eines 12-J\u00e4hrigen. Links daneben steht der Tisch f\u00fcr die Autorenlesung und noch weiter links das Sparkassenlogo. Der Autor des Buches \u201eNebel im August\u201c unterh\u00e4lt sich im hinteren Bereich des Saales. 140 Sch\u00fcler sind aufgeregt und dennoch sp\u00fcre ich etwas Beklemmendes. Der Junge auf dem Bild schaut mich einfach an. Er wirkt wie jemand, der viel \u00e4lter ist, viel wei\u00df, aber nichts mehr sagen will oder kann. Sein Blick spricht B\u00e4nde.<br \/>\nEinen Band \u00fcber sein Leben hat Robert Domes geschrieben &#8211; \u00fcber das Leben von Ernst Lossa, denn wir sollen nicht vom Tod her denken, meint Herr Domes. Ein Toter erz\u00e4hlt keine Geschichte, aber Ernst Lossa hat etwas zu erz\u00e4hlen, als Lebendiger, als liebender Sohn, als den Eltern Genommener, als Schwererziehbarer, als Quertreiber, als Liebensw\u00fcrdiger, als Abgestempelter, als Abgeschobener, als Gesunder unter Kranken, als Krankgemachter, als Mensch, als Todesw\u00fcrdiger, als Euthanasieopfer.<\/p>\n<p><img loading=\"lazy\" decoding=\"async\" class=\"aligncenter wp-image-1846\" src=\"https:\/\/dossenberger.de\/wp-content\/uploads\/2016\/02\/Lossa1.jpg\" alt=\"Lossa1\" width=\"216\" height=\"354\" srcset=\"https:\/\/dossenberger.de\/wp-content\/uploads\/2016\/02\/Lossa1.jpg 273w, https:\/\/dossenberger.de\/wp-content\/uploads\/2016\/02\/Lossa1-183x300.jpg 183w\" sizes=\"auto, (max-width: 216px) 100vw, 216px\" \/><\/p>\n<p>Herr Domes f\u00fchrt uns in die Welt der Deutschen um 1933-1945 ein. Kurz, pr\u00e4gnant, beeindruckend. Kein bedauerlicher Kniefall vor lauter Schuldgef\u00fchlen. Harte Fakten sprechen. Sie sprechen f\u00fcr sich und gegen Menschen, die keine waren.<\/p>\n<p>Ernst Lossa hat sich Jahre lang in einer Welt bewegt und darin \u00fcberlebt, von der wir hoffen, dass sie niemand mehr erleben muss. Er hatte es schwerer als wir. Weiter, als bis er ca. 14 Jahre alt war, hat er es nicht geschafft.<\/p>\n<p>Schade? Traurig? Gef\u00fchle nach deutlich \u00fcber 75 Jahren? Geht das?<\/p>\n<p><img loading=\"lazy\" decoding=\"async\" class=\"aligncenter size-full wp-image-1847\" src=\"https:\/\/dossenberger.de\/wp-content\/uploads\/2016\/02\/Lossa2.jpg\" alt=\"Lossa2\" width=\"336\" height=\"436\" srcset=\"https:\/\/dossenberger.de\/wp-content\/uploads\/2016\/02\/Lossa2.jpg 336w, https:\/\/dossenberger.de\/wp-content\/uploads\/2016\/02\/Lossa2-231x300.jpg 231w\" sizes=\"auto, (max-width: 336px) 100vw, 336px\" \/><\/p>\n<p>W\u00e4hrend Robert Domes erkl\u00e4rt und aus seinem Buch \u201eNebel im August\u201c liest, bemerke ich die unterschiedlichsten Reaktionen. Am Schluss sorgende Gesichter und dr\u00e4ngende Fragen: Wie erging es Lossas Schwestern?, Was ist mit dem Vater passiert?, Lebt die Mutter noch?, Gibt es die Klinik in Kaufbeuren wirklich? &#8230;<\/p>\n<p>Die Geschichte von Ernst Lossa bewegt zutiefst, ersch\u00fcttert und trifft genau da, wo wir nicht getroffen werden wollen.<\/p>\n<p>Eine einf\u00fchlsame, bereichernde, traurige und reinigende Lesung. Wir haben das Leben erfahren, nicht den Tod. Wir haben Ernst Lossa erfahren \u2013 und er hat uns die ganze Zeit \u00fcber angeschaut.<\/p>\n<p><em>KP<\/em><\/p>\n","protected":false},"excerpt":{"rendered":"<p>&#8230; aus seinem Roman \u201eNebel im August\u201c Am 2. Februar 2016 fand die Autorenlesung auf Einladung von StRefin Lachenmeyer im<\/p>\n","protected":false},"author":1,"featured_media":0,"comment_status":"closed","ping_status":"closed","sticky":false,"template":"","format":"standard","meta":{"colormag_page_container_layout":"default_layout","colormag_page_sidebar_layout":"default_layout","ngg_post_thumbnail":0,"_price":"","_stock":"","_tribe_ticket_header":"","_tribe_default_ticket_provider":"","_tribe_ticket_capacity":"0","_ticket_start_date":"","_ticket_end_date":"","_tribe_ticket_show_description":"","_tribe_ticket_show_not_going":false,"_tribe_ticket_use_global_stock":"","_tribe_ticket_global_stock_level":"","_global_stock_mode":"","_global_stock_cap":"","_tribe_rsvp_for_event":"","_tribe_ticket_going_count":"","_tribe_ticket_not_going_count":"","_tribe_tickets_list":"[]","_tribe_ticket_has_attendee_info_fields":false,"footnotes":""},"categories":[6,3],"tags":[],"class_list":["post-1845","post","type-post","status-publish","format-standard","hentry","category-deutsch","category-fachunterricht"],"_links":{"self":[{"href":"https:\/\/dossenberger.de\/index.php?rest_route=\/wp\/v2\/posts\/1845","targetHints":{"allow":["GET"]}}],"collection":[{"href":"https:\/\/dossenberger.de\/index.php?rest_route=\/wp\/v2\/posts"}],"about":[{"href":"https:\/\/dossenberger.de\/index.php?rest_route=\/wp\/v2\/types\/post"}],"author":[{"embeddable":true,"href":"https:\/\/dossenberger.de\/index.php?rest_route=\/wp\/v2\/users\/1"}],"replies":[{"embeddable":true,"href":"https:\/\/dossenberger.de\/index.php?rest_route=%2Fwp%2Fv2%2Fcomments&post=1845"}],"version-history":[{"count":2,"href":"https:\/\/dossenberger.de\/index.php?rest_route=\/wp\/v2\/posts\/1845\/revisions"}],"predecessor-version":[{"id":1851,"href":"https:\/\/dossenberger.de\/index.php?rest_route=\/wp\/v2\/posts\/1845\/revisions\/1851"}],"wp:attachment":[{"href":"https:\/\/dossenberger.de\/index.php?rest_route=%2Fwp%2Fv2%2Fmedia&parent=1845"}],"wp:term":[{"taxonomy":"category","embeddable":true,"href":"https:\/\/dossenberger.de\/index.php?rest_route=%2Fwp%2Fv2%2Fcategories&post=1845"},{"taxonomy":"post_tag","embeddable":true,"href":"https:\/\/dossenberger.de\/index.php?rest_route=%2Fwp%2Fv2%2Ftags&post=1845"}],"curies":[{"name":"wp","href":"https:\/\/api.w.org\/{rel}","templated":true}]}}