{"id":2820,"date":"2016-12-15T12:12:50","date_gmt":"2016-12-15T11:12:50","guid":{"rendered":"http:\/\/dossenberger.de\/?p=2820"},"modified":"2018-02-10T07:42:06","modified_gmt":"2018-02-10T06:42:06","slug":"cafe-elternsprechtag-spendet-fuer-seniorengemeinschaft","status":"publish","type":"post","link":"https:\/\/dossenberger.de\/?p=2820","title":{"rendered":"Caf\u00e9 Elternsprechtag spendet f\u00fcr Seniorengemeinschaft"},"content":{"rendered":"<p>Regen Zulauf hatte das Caf\u00e9 beim ersten allgemeinen Elternsprechtag. Kaffee und Kuchen zur St\u00e4rkung f\u00fcr Eltern und Lehrkr\u00e4fte waren sehr wollkommen. So ergab sich aus dem Verkauf ein Erl\u00f6s von 180 \u20acuro, der nun der <strong>Seniorengemeinschaft Landkreis G\u00fcnzburg e.V. \u201eWir f\u00fcr uns\u201c<\/strong> zugutekommt. Ulrich Pfluger nahm f\u00fcr die Seniorengemeinschaft die Spende hocherfreut entgegen. <!--more--><\/p>\n<p>Ziel des Vereins ist es, \u00e4ltere Menschen im Alltag zu unterst\u00fctzen und somit Selbstst\u00e4ndigkeit und einen langen Verbleib in der vertrauten Umgebung zu erm\u00f6glichen. Die Hilfsangebote umfassen u.a. Beh\u00f6rdeng\u00e4nge, Fahrdienst, Arbeiten im und ums Haus sowie gesellige Veranstaltungen wie Erz\u00e4hl- und Spielenachmittage und kulturelle Angebote. Herr Pfluger berichtete, dass im vergangenen Jahr schon 3600 Stunden von den Ehrenamtlichen geleistet wurden und dadurch vielen \u00e4lteren Menschen in schwierigen Situationen Hilfe und Beistand gegeben werden konnte. Er wies darauf hin, dass Menschen ab dem Alter von 16 Jahren im Verein als Ehrenamtliche mitarbeiten k\u00f6nnen &#8211; eine M\u00f6glichkeit also auch f\u00fcr \u00e4ltere Sch\u00fcler unserer Schule!<br \/>\nEin herzlicher Dank allen Eltern, die f\u00fcr diesen Tag Kuchen gespendet haben und den Sch\u00fclerinnen und Sch\u00fclern, die sich an diesem Tag engagiert haben!<\/p>\n<p><img loading=\"lazy\" decoding=\"async\" class=\"alignleft size-full wp-image-2821\" src=\"https:\/\/dossenberger.de\/wp-content\/uploads\/2016\/12\/CafeE.jpg\" alt=\"\" height=\"336\" width=\"448\" srcset=\"https:\/\/dossenberger.de\/wp-content\/uploads\/2016\/12\/CafeE.jpg 448w, https:\/\/dossenberger.de\/wp-content\/uploads\/2016\/12\/CafeE-300x225.jpg 300w\" sizes=\"auto, (max-width: 448px) 100vw, 448px\" \/><\/p>\n<p>Bild: Ulrich Pfluger (2.v.l.) freut sich \u00fcber die Spende, die ihm Rudolf Vogel, Stefan Berlin (beide Fachschaft Religion) und Schulleiter Peter Lang \u00fcberreichten.<\/p>\n","protected":false},"excerpt":{"rendered":"<p>Regen Zulauf hatte das Caf\u00e9 beim ersten allgemeinen Elternsprechtag. Kaffee und Kuchen zur St\u00e4rkung f\u00fcr Eltern und Lehrkr\u00e4fte waren sehr<\/p>\n","protected":false},"author":1,"featured_media":0,"comment_status":"closed","ping_status":"closed","sticky":false,"template":"","format":"standard","meta":{"colormag_page_container_layout":"default_layout","colormag_page_sidebar_layout":"default_layout","ngg_post_thumbnail":0,"_price":"","_stock":"","_tribe_ticket_header":"","_tribe_default_ticket_provider":"","_tribe_ticket_capacity":"0","_ticket_start_date":"","_ticket_end_date":"","_tribe_ticket_show_description":"","_tribe_ticket_show_not_going":false,"_tribe_ticket_use_global_stock":"","_tribe_ticket_global_stock_level":"","_global_stock_mode":"","_global_stock_cap":"","_tribe_rsvp_for_event":"","_tribe_ticket_going_count":"","_tribe_ticket_not_going_count":"","_tribe_tickets_list":"[]","_tribe_ticket_has_attendee_info_fields":false,"footnotes":""},"categories":[23,3],"tags":[],"class_list":["post-2820","post","type-post","status-publish","format-standard","hentry","category-religion","category-fachunterricht"],"_links":{"self":[{"href":"https:\/\/dossenberger.de\/index.php?rest_route=\/wp\/v2\/posts\/2820","targetHints":{"allow":["GET"]}}],"collection":[{"href":"https:\/\/dossenberger.de\/index.php?rest_route=\/wp\/v2\/posts"}],"about":[{"href":"https:\/\/dossenberger.de\/index.php?rest_route=\/wp\/v2\/types\/post"}],"author":[{"embeddable":true,"href":"https:\/\/dossenberger.de\/index.php?rest_route=\/wp\/v2\/users\/1"}],"replies":[{"embeddable":true,"href":"https:\/\/dossenberger.de\/index.php?rest_route=%2Fwp%2Fv2%2Fcomments&post=2820"}],"version-history":[{"count":2,"href":"https:\/\/dossenberger.de\/index.php?rest_route=\/wp\/v2\/posts\/2820\/revisions"}],"predecessor-version":[{"id":2824,"href":"https:\/\/dossenberger.de\/index.php?rest_route=\/wp\/v2\/posts\/2820\/revisions\/2824"}],"wp:attachment":[{"href":"https:\/\/dossenberger.de\/index.php?rest_route=%2Fwp%2Fv2%2Fmedia&parent=2820"}],"wp:term":[{"taxonomy":"category","embeddable":true,"href":"https:\/\/dossenberger.de\/index.php?rest_route=%2Fwp%2Fv2%2Fcategories&post=2820"},{"taxonomy":"post_tag","embeddable":true,"href":"https:\/\/dossenberger.de\/index.php?rest_route=%2Fwp%2Fv2%2Ftags&post=2820"}],"curies":[{"name":"wp","href":"https:\/\/api.w.org\/{rel}","templated":true}]}}