{"id":3654,"date":"2017-07-06T08:10:24","date_gmt":"2017-07-06T06:10:24","guid":{"rendered":"http:\/\/dossenberger.de\/?p=3654"},"modified":"2018-02-10T07:37:37","modified_gmt":"2018-02-10T06:37:37","slug":"theatertag","status":"publish","type":"post","link":"https:\/\/dossenberger.de\/?p=3654","title":{"rendered":"Theatertag"},"content":{"rendered":"<h2>Elternbrief 5. \u2013 10. Jgst<\/h2>\n<p>Liebe Eltern,<\/p>\n<p>das P-Seminar Kunst organisiert dieses Jahr das zweite G\u00fcnzburger Stra\u00dfentheater.<br \/>\nDer Theatertag wird am 14. Juli 2017 in der G\u00fcnzburger Innenstadt stattfinden. Viele sch\u00f6ne Pl\u00e4tze wie der Marktplatz und der Dossenberger Hof, kleinere Ecken und ruhige Winkel werden von verschiedenen Tanz-, Sport-, Musik- und Theatergruppen sowohl am Vormittag (9:00 \u2013 12:00 Uhr) als auch am Abend (18:00 \u2013 22:00 Uhr) bespielt. Die ganze G\u00fcnzburger Innenstadt wird zur B\u00fchne! <!--more--><\/p>\n<p>Es soll ein besonderer Tag f\u00fcr alle Sch\u00fcler und Sch\u00fclerinnen unserer Schule werden, denn am Vormittag geh\u00f6rt die B\u00fchne ihnen! Da es sich dieses Mal um eine Schulveranstaltung handelt, d\u00fcrfen alle Klassen teilnehmen. Das Programm ist spannend und vielseitig, weil jede Klasse einen oder mehrere Auftritte hat. So haben alle die Chance zu zeigen, was sie in den letzten Wochen mit viel M\u00fche und Engagement einstudiert haben.<\/p>\n<p>Unterrichtsbeginn am Theatertag ist wie immer um 7:40 Uhr. Das hei\u00dft die Sch\u00fcler treffen sich zum Beginn der ersten Stunde in der Schule im jeweiligen Raum, der am Vertretungsplan stehen wird, mit dem Lehrer, der die Klasse dann in die Stadt f\u00fchrt und den ganzen Tag \u00fcber beaufsichtigt und unterst\u00fctzt. Gegen 12:00 Uhr wird das Programm zu Ende sein. Dann gehen die Klassen nach dem Theatertag mit ihrem Lehrer zur\u00fcck zur Schule. Der Unterricht endet wie gewohnt um 12:25 Uhr.<\/p>\n<p>F\u00fcr einige Klassen geht es dann am Abend nochmals auf die B\u00fchne. Wir haben auch andere Schulen und viele Musik-, Tanz- und Theatergruppen eingeladen, sodass auch abends viel geboten ist. So geht das Stra\u00dfentheater mit vielen spannenden Sport- und Tanzvorf\u00fchrungen, wundersch\u00f6nen Musikst\u00fccken, atemberaubenden Showeinlagen und abwechslungsreichen Theaterst\u00fccken weiter. Nat\u00fcrlich sind alle Lehrer, Sch\u00fcler, Eltern und Freunde, die nichts vorspielen, auch am Abend herzlich eingeladen. Der Eintritt ist den ganzen Tag \u00fcber frei f\u00fcr jeden!<\/p>\n<p>Es wird also keine Langeweile geben, denn \u00fcberall in der Altstadt gibt es an diesem Tag, spektakul\u00e4r bespielte und bestens bewirtete Pl\u00e4tze zu entdecken.<\/p>\n<p><strong>Bei schlechter Witterung findet der Theatertag trotzdem statt.<\/strong><\/p>\n<p>Sollten die Pl\u00e4tze in der Altstadt am Vormittag nicht bespielbar sein, finden alle Auftritte und Vorf\u00fchrungen bei uns im Schulhaus, in der Mensa und in den Turnhallen statt. Das Wetter soll uns keinen Strich durch die Rechnung machen. Auch der \u201eTheater-Abend\u201c in der Innenstadt soll bei Regen ablaufen wie geplant.<\/p>\n<p>Nicht nur bei schlechtem Wetter w\u00fcrden wir uns \u00fcber zahlreiche Besucher sehr freuen.<\/p>\n<p>MfG<br \/>\nDas P-Seminar Kunst und Frau Rembold<\/p>\n","protected":false},"excerpt":{"rendered":"<p>Elternbrief 5. \u2013 10. Jgst Liebe Eltern, das P-Seminar Kunst organisiert dieses Jahr das zweite G\u00fcnzburger Stra\u00dfentheater. Der Theatertag wird<\/p>\n","protected":false},"author":1,"featured_media":0,"comment_status":"closed","ping_status":"closed","sticky":false,"template":"","format":"standard","meta":{"colormag_page_container_layout":"default_layout","colormag_page_sidebar_layout":"default_layout","ngg_post_thumbnail":0,"_price":"","_stock":"","_tribe_ticket_header":"","_tribe_default_ticket_provider":"","_tribe_ticket_capacity":"0","_ticket_start_date":"","_ticket_end_date":"","_tribe_ticket_show_description":"","_tribe_ticket_show_not_going":false,"_tribe_ticket_use_global_stock":"","_tribe_ticket_global_stock_level":"","_global_stock_mode":"","_global_stock_cap":"","_tribe_rsvp_for_event":"","_tribe_ticket_going_count":"","_tribe_ticket_not_going_count":"","_tribe_tickets_list":"[]","_tribe_ticket_has_attendee_info_fields":false,"footnotes":""},"categories":[3],"tags":[],"class_list":["post-3654","post","type-post","status-publish","format-standard","hentry","category-fachunterricht"],"_links":{"self":[{"href":"https:\/\/dossenberger.de\/index.php?rest_route=\/wp\/v2\/posts\/3654","targetHints":{"allow":["GET"]}}],"collection":[{"href":"https:\/\/dossenberger.de\/index.php?rest_route=\/wp\/v2\/posts"}],"about":[{"href":"https:\/\/dossenberger.de\/index.php?rest_route=\/wp\/v2\/types\/post"}],"author":[{"embeddable":true,"href":"https:\/\/dossenberger.de\/index.php?rest_route=\/wp\/v2\/users\/1"}],"replies":[{"embeddable":true,"href":"https:\/\/dossenberger.de\/index.php?rest_route=%2Fwp%2Fv2%2Fcomments&post=3654"}],"version-history":[{"count":1,"href":"https:\/\/dossenberger.de\/index.php?rest_route=\/wp\/v2\/posts\/3654\/revisions"}],"predecessor-version":[{"id":3655,"href":"https:\/\/dossenberger.de\/index.php?rest_route=\/wp\/v2\/posts\/3654\/revisions\/3655"}],"wp:attachment":[{"href":"https:\/\/dossenberger.de\/index.php?rest_route=%2Fwp%2Fv2%2Fmedia&parent=3654"}],"wp:term":[{"taxonomy":"category","embeddable":true,"href":"https:\/\/dossenberger.de\/index.php?rest_route=%2Fwp%2Fv2%2Fcategories&post=3654"},{"taxonomy":"post_tag","embeddable":true,"href":"https:\/\/dossenberger.de\/index.php?rest_route=%2Fwp%2Fv2%2Ftags&post=3654"}],"curies":[{"name":"wp","href":"https:\/\/api.w.org\/{rel}","templated":true}]}}