{"id":5876,"date":"2018-07-19T14:18:50","date_gmt":"2018-07-19T12:18:50","guid":{"rendered":"https:\/\/dossenberger.de\/?p=5876"},"modified":"2018-07-29T18:58:23","modified_gmt":"2018-07-29T16:58:23","slug":"zur-not-verstand-man-sich-auch-ohne-worte","status":"publish","type":"post","link":"https:\/\/dossenberger.de\/?p=5876","title":{"rendered":"\u201eZur Not verstand man sich auch ohne Worte\u201c"},"content":{"rendered":"<h3>Erasmus+ Projekt des Dossenberger-Gymnasiums mit europ\u00e4ischen Partnerschulen erfolgreich abgeschlossen<\/h3>\n<p>G\u00fcnzburg Die Stimmung in der Mensa des Dossenberger-Gymnasiums war schon fast famili\u00e4r, als am vergangenen Donnerstag die teilnehmenden deutschen Sch\u00fcler des Projekts Erasmus+ abschlie\u00dfend miteinander feierten. Alle redeten und lachten, sie hatten eine Menge miteinander erlebt. Seit September 2016 lief das von der EU finanzierte Projekt zur europaweiten Zusammenarbeit und zum Austausch kultureller Unterschiede und Gemeinsamkeiten unter dem Motto \u201eLibert\u00e9 \u2013 je t\u2019aime\u201c (\u201eFreiheit, ich liebe dich\u201c). In der Arbeitssprache Franz\u00f6sisch trugen die G\u00fcnzburger Sch\u00fcler gemeinsam mit ihren Partnern aus Athen in Griechenland, Bologna in Italien und Baia de Fier in Rum\u00e4nien Wissen zum Thema Freiheit zusammen. Jede Schule war dabei eine Woche lang Gastgeber f\u00fcr die Teilnehmer aus dem Ausland. Es wurden jeweils verschiedene Aspekte von Freiheit zuerst auf nationaler, dann auf internationaler Ebene erarbeitet, pr\u00e4sentiert und anschlie\u00dfend diskutiert. Nat\u00fcrlich durften auch Ausfl\u00fcge wie ins griechische Parlament, in das rum\u00e4nische Kloster Lainici, nach Florenz oder in die Augsburger Fuggerei sowie Feiern, bei denen gemeinsam musiziert und gesungen wurde, nicht fehlen. F\u00fcr die Mittel- und Oberstufensch\u00fcler bot die Woche im Ausland eine Menge wertvoller Erfahrungen und neuer Freunde, mit denen sie teilweise bis jetzt noch in Kontakt stehen, aber auch Umstellungen und Eigenverantwortlichkeit. \u201eMeine Gastfamilie lebte, wie fast alle dort, auf dem Land und hatte eine Kuh und viele G\u00e4nse im Garten. Das war f\u00fcr mich als St\u00e4dterin nat\u00fcrlich komplett ungewohnt\u201c, erinnert sich Anne, die nach Rum\u00e4nien reiste. \u201eUnd die Eltern meiner Gastsch\u00fclerin konnten zwar weder Englisch noch Franz\u00f6sisch, aber wir verstanden uns auch ohne Worte. Zu meinem Geburtstag haben sie mir sogar einen Kuchen gebacken\u201c, f\u00fcgt sie schmunzelnd hinzu. Die Menschen dort w\u00e4ren herzlicher und strenger gl\u00e4ubig, allerdings sei alles noch nicht so modern wie in Deutschland.<\/p>\n<p>\u201eDie waren so unp\u00fcnktlich wie ich, da hab\u2018 ich mich gleich sehr zuhause gef\u00fchlt\u201c, meint Annemarie, die in Italien dabei war, lachend. Am Ende flossen bei ihrer Gastfamilie die Tr\u00e4nen. \u201eErasmus+ war f\u00fcr mich, viele Erfahrungen zu machen und neue Leute kennenzulernen\u201c, fasst es Jenny zusammen, die mit nach Griechenland flog. Um den zweij\u00e4hrigen Einsatz der Sch\u00fcler auch offiziell zu honorieren, erhielten alle Teilnehmer einen Europass, der vor allem im europ\u00e4ischen Ausland f\u00fcr Bewerbungen wichtig ist. Das meiste Engagement zeigte aber Lehrerin Christelle Wecker, die das Projekt unter gro\u00dfem Aufwand ins Leben rief, die Sch\u00fcler motivierte, alles organisierte und mithilfe ihrer Kollegen erfolgreich durchf\u00fchrte. Als sie die Bereicherungen f\u00fcr die Sch\u00fcler durch das Projekt erl\u00e4utert, nennt sie auch ein Zitat des Autors Alphonse Allais: \u201eLes voyages forment la jeunesse\u201c (\u201eReisen bildet junge Leute\u201c). Doch auch die Sch\u00fcler, die bei diesem tollen Projekt nicht mitwirken konnten, d\u00fcrfen sich freuen: Das n\u00e4chste Projekt von Erasmus+ mit dem Dossenberger-Gymnasium wurde bereits genehmigt.<\/p>\n<p><em>Lukas Hesse<\/em><\/p>\n","protected":false},"excerpt":{"rendered":"<p>Erasmus+ Projekt des Dossenberger-Gymnasiums mit europ\u00e4ischen Partnerschulen erfolgreich abgeschlossen G\u00fcnzburg Die Stimmung in der Mensa des Dossenberger-Gymnasiums war schon fast<\/p>\n","protected":false},"author":2,"featured_media":5877,"comment_status":"closed","ping_status":"closed","sticky":false,"template":"","format":"standard","meta":{"colormag_page_container_layout":"default_layout","colormag_page_sidebar_layout":"default_layout","ngg_post_thumbnail":0,"_price":"","_stock":"","_tribe_ticket_header":"","_tribe_default_ticket_provider":"","_tribe_ticket_capacity":"0","_ticket_start_date":"","_ticket_end_date":"","_tribe_ticket_show_description":"","_tribe_ticket_show_not_going":false,"_tribe_ticket_use_global_stock":"","_tribe_ticket_global_stock_level":"","_global_stock_mode":"","_global_stock_cap":"","_tribe_rsvp_for_event":"","_tribe_ticket_going_count":"","_tribe_ticket_not_going_count":"","_tribe_tickets_list":"[]","_tribe_ticket_has_attendee_info_fields":false,"footnotes":""},"categories":[3],"tags":[],"class_list":["post-5876","post","type-post","status-publish","format-standard","has-post-thumbnail","hentry","category-fachunterricht"],"_links":{"self":[{"href":"https:\/\/dossenberger.de\/index.php?rest_route=\/wp\/v2\/posts\/5876","targetHints":{"allow":["GET"]}}],"collection":[{"href":"https:\/\/dossenberger.de\/index.php?rest_route=\/wp\/v2\/posts"}],"about":[{"href":"https:\/\/dossenberger.de\/index.php?rest_route=\/wp\/v2\/types\/post"}],"author":[{"embeddable":true,"href":"https:\/\/dossenberger.de\/index.php?rest_route=\/wp\/v2\/users\/2"}],"replies":[{"embeddable":true,"href":"https:\/\/dossenberger.de\/index.php?rest_route=%2Fwp%2Fv2%2Fcomments&post=5876"}],"version-history":[{"count":1,"href":"https:\/\/dossenberger.de\/index.php?rest_route=\/wp\/v2\/posts\/5876\/revisions"}],"predecessor-version":[{"id":5878,"href":"https:\/\/dossenberger.de\/index.php?rest_route=\/wp\/v2\/posts\/5876\/revisions\/5878"}],"wp:featuredmedia":[{"embeddable":true,"href":"https:\/\/dossenberger.de\/index.php?rest_route=\/wp\/v2\/media\/5877"}],"wp:attachment":[{"href":"https:\/\/dossenberger.de\/index.php?rest_route=%2Fwp%2Fv2%2Fmedia&parent=5876"}],"wp:term":[{"taxonomy":"category","embeddable":true,"href":"https:\/\/dossenberger.de\/index.php?rest_route=%2Fwp%2Fv2%2Fcategories&post=5876"},{"taxonomy":"post_tag","embeddable":true,"href":"https:\/\/dossenberger.de\/index.php?rest_route=%2Fwp%2Fv2%2Ftags&post=5876"}],"curies":[{"name":"wp","href":"https:\/\/api.w.org\/{rel}","templated":true}]}}