{"id":7130,"date":"2019-02-24T17:15:36","date_gmt":"2019-02-24T16:15:36","guid":{"rendered":"https:\/\/dossenberger.de\/?p=7130"},"modified":"2019-02-24T17:17:38","modified_gmt":"2019-02-24T16:17:38","slug":"theaterabend-in-ulm-jetzt-wirds-schick","status":"publish","type":"post","link":"https:\/\/dossenberger.de\/?p=7130","title":{"rendered":"Theaterabend in Ulm &#8211; jetzt wird\u2018s schick"},"content":{"rendered":"\n<p><strong>Darf man Leben gegen Leben aufrechnen? Darf man Menschen t\u00f6ten, um das Leben vieler zu retten?<\/strong><\/p>\n\n\n\n<p>Diese ethische Frage stellt sich Ferdinand von Schirach in seinem Theaterst\u00fcck \u00fcber einen Kampfjet-Piloten, der trotz des Befehls, nicht zu schie\u00dfen, ein Personenflugzeug abschie\u00dft, um das Leben von 70 000 Menschen zu retten.<\/p>\n\n\n\n<p>Als Frau Frenken erfuhr, dass das Erfolgsst\u00fcck nun auch in Ulm aufgef\u00fchrt wird, beschloss sie, zusammen mit Frau K\u00e4ufler einen Theaterabend zu organisieren. Die Idee kam bei allen gut an und so kam es, dass am Mittwoch, den 13. Februar 2019, 44 Sch\u00fclerinnen und Sch\u00fcler der 10. Jahrgangsstufe das St\u00fcck &#8220;Terror&#8221; besuchten. Mit dem Zug ging es von G\u00fcnzburg nach Ulm und nach einem kurzen Fu\u00dfmarsch waren wir bereits im Theater. Noch ein paar Erinnerungsfotos von unseren Outfits und schon begann die Vorf\u00fchrung.<\/p>\n\n\n\n<p>Bereits der Anfang des St\u00fccks war sehr interessant. Es startete ohne ein bestimmtes Signal und ohne eine Lichtdimmung mit einem Auftritt des Richters, der hastig auf die B\u00fchne st\u00fcrmte und dem Publikum dessen Rolle als Sch\u00f6ffen, also Laienrichter verdeutlichte. Durch die B\u00fchnengestaltung \u2013 viel dunkles Holz \u2013 entstand durchaus Gerichtssaalatmosph\u00e4re und die schiefen Ebenen hatten vielleicht auch eine symbolische Bedeutung. Gelungen fanden wir die gro\u00dfe Leinwand, auf der man die Mimik der Befragten in Schwarz-Wei\u00df und Nahaufnahme mitverfolgen konnte.<\/p>\n\n\n\n<div class=\"wp-block-image\"><figure class=\"aligncenter\"><img loading=\"lazy\" decoding=\"async\" width=\"800\" height=\"534\" src=\"https:\/\/dossenberger.de\/wp-content\/uploads\/2019\/02\/20190110-181949-ksc.jpg\" alt=\"\" class=\"wp-image-7131\" srcset=\"https:\/\/dossenberger.de\/wp-content\/uploads\/2019\/02\/20190110-181949-ksc.jpg 800w, https:\/\/dossenberger.de\/wp-content\/uploads\/2019\/02\/20190110-181949-ksc-300x200.jpg 300w, https:\/\/dossenberger.de\/wp-content\/uploads\/2019\/02\/20190110-181949-ksc-768x513.jpg 768w\" sizes=\"auto, (max-width: 800px) 100vw, 800px\" \/><figcaption>(Foto: Kerstin Schomburg)<\/figcaption><\/figure><\/div>\n\n\n\n<p>In Ferdinand von Schirachs St\u00fcck geht es um den Prozess eines wegen vielfachen Mordes angeklagten Kampfpiloten, der ein von Terroristen besetztes Passagierflugzeug mit 164 Insassen abgeschossen hat, um die Menschen in der zu diesem Zeitpunkt voll besetzten Allianz-Arena zu retten. Trotz des Befehls, nicht zu schie\u00dfen, handelt der Angeklagte, Major Koch, und ist der festen \u00dcberzeugung, das Richtige getan zu haben. Im Laufe des St\u00fccks werden Zeugen vorgeladen und sowohl Staatsanw\u00e4ltin als auch Verteidiger bringen jeweils Argumente f\u00fcr ihre Seite. Nach und nach werden auch immer mehr Details aufgedeckt. So h\u00e4tte beispielsweise das Stadion ger\u00e4umt und so ein Gro\u00dfteil der Menschen in Sicherheit gebracht werden k\u00f6nnen. <\/p>\n\n\n\n<p>Das Besondere jedoch an diesem St\u00fcck ist, dass die Zuschauer immer wieder direkt angesprochen und so mit einbezogen werden. Letztendlich sind sie es auch, die das Urteil f\u00e4llen und das Ende bestimmen. Nach einer 20-min\u00fctigen Pause, in der man noch einmal Positionen austauschen und sich \u00fcber seine eigene Haltung klar werden konnte, kehrte das Publikum durch voneinander abgetrennte Eing\u00e4nge in den Saal zur\u00fcck. Dabei wurde gez\u00e4hlt, wer f\u00fcr und wer gegen eine Verurteilung des jungen Piloten war. In unserem Fall war das Ergebnis klar: Der wegen 164fachen Mordes angeklagte Herr Koch wurde mit deutlicher Mehrheit freigesprochen. Ob er jedoch als Held bezeichnet werden kann oder nicht, muss jeder selbst entscheiden.<\/p>\n\n\n\n<p><em>Chiara Heinle, Jakob Kucher, 10d<\/em><\/p>\n\n\n\n<p>        <\/p>\n\n\n\n<p><\/p>\n\n\n\n<p class=\"has-medium-font-size\"><strong>Sch\u00fclerstimmen<\/strong><\/p>\n\n\n\n<p>\u201eEin sehr interessantes, die Zuschauer einbindendes St\u00fcck. F\u00fcr mich eine neue Erfahrung.\u201c<br><em>Norbert, 10d<\/em><\/p>\n\n\n\n<p>\u201eSchirach nahm uns zu einem spannenden Gerichtsprozess mit, der uns dazu auffordert, unsere moralischen Ansichten zu \u00fcberdenken.\u201c                            <br><em>Anna, 10d<\/em><\/p>\n\n\n\n<p>\u201eEs war eine sch\u00f6ne Erfahrung, sich schick zu machen und mit seinen Freunden einen Abend im Theater zu verbringen.\u201c                               <br><em>Monique, 10d<\/em><\/p>\n\n\n\n<p>\u201eDas St\u00fcck war sowohl aus emotionaler als auch aus intellektueller Sicht sehr anspruchsvoll und regte mich an, auch danach \u00fcber die Problematik wiederholt nachzudenken.\u201c        <br><em>Michael, 10b<\/em><\/p>\n\n\n\n<p>\u201eDas Theaterst\u00fcck \u201aTerror\u2018 hat mir sehr gut gefallen. Ich habe mich wie in einer echten Gerichtsverhandlung gef\u00fchlt, in der man selbst entscheiden darf, wie sie ausgeht.\u201c        <br><em>Paul, 10d<\/em><\/p>\n\n\n\n<p>\u201eEin interessantes St\u00fcck, das den Zuschauer dazu bringt, \u00fcber seine Moral und sein Gewissen nachzudenken.\u201c                                    <br><em>Janik, 10d<\/em><\/p>\n\n\n\n<p>\u201eDas Theaterst\u00fcck \u201aTerror\u2018 hat mir sehr gut gefallen, vor allem die Tatsache, dass das Publikum selbst \u00fcber den Ausgang des Gerichtsverfahrens entscheiden konnte.\u201c          <br><em>Lukas, 10d<\/em><\/p>\n\n\n\n<p>\u201eDa ich selbst sp\u00e4ter Anw\u00e4ltin werden will, war es f\u00fcr mich sehr interessant. Ich w\u00fcrde das St\u00fcck auf jeden Fall weiterempfehlen.\u201c                         <br><em>Chiara, 10d<\/em><\/p>\n\n\n\n<p>\u201eEs war ein sch\u00f6ner Abend, da das Theater sehr spannend war. Beide Seiten haben sehr gute Argumente geliefert. &#8211; Man wird sich wohl nie einigen k\u00f6nnen.\u201c                  <br><em>Musaj, 10b<\/em><\/p>\n\n\n\n<p>\u201eEine sehr gute Abwechslung zum Schulalltag und eine sch\u00f6ne Erfahrung als Klassengemeinschaft.\u201c                                                <br><em>Christian, 10d<\/em><\/p>\n\n\n\n<p>\u201eIch fand das St\u00fcck sehr gelungen. Ich finde es auch gut, dass sowohl Argumente f\u00fcr den Abschuss des Flugzeuges als auch dagegen eingebracht wurden. Insgesamt ist es sehr sehenswert.\u201c                                               <br><em>Fiona, 10b<\/em><\/p>\n","protected":false},"excerpt":{"rendered":"<p>Darf man Leben gegen Leben aufrechnen? Darf man Menschen t\u00f6ten, um das Leben vieler zu retten? Diese ethische Frage stellt<\/p>\n","protected":false},"author":2,"featured_media":7132,"comment_status":"closed","ping_status":"closed","sticky":false,"template":"","format":"standard","meta":{"colormag_page_container_layout":"default_layout","colormag_page_sidebar_layout":"default_layout","ngg_post_thumbnail":0,"_price":"","_stock":"","_tribe_ticket_header":"","_tribe_default_ticket_provider":"","_tribe_ticket_capacity":"0","_ticket_start_date":"","_ticket_end_date":"","_tribe_ticket_show_description":"","_tribe_ticket_show_not_going":false,"_tribe_ticket_use_global_stock":"","_tribe_ticket_global_stock_level":"","_global_stock_mode":"","_global_stock_cap":"","_tribe_rsvp_for_event":"","_tribe_ticket_going_count":"","_tribe_ticket_not_going_count":"","_tribe_tickets_list":"[]","_tribe_ticket_has_attendee_info_fields":false,"footnotes":""},"categories":[6,3],"tags":[],"class_list":["post-7130","post","type-post","status-publish","format-standard","has-post-thumbnail","hentry","category-deutsch","category-fachunterricht"],"_links":{"self":[{"href":"https:\/\/dossenberger.de\/index.php?rest_route=\/wp\/v2\/posts\/7130","targetHints":{"allow":["GET"]}}],"collection":[{"href":"https:\/\/dossenberger.de\/index.php?rest_route=\/wp\/v2\/posts"}],"about":[{"href":"https:\/\/dossenberger.de\/index.php?rest_route=\/wp\/v2\/types\/post"}],"author":[{"embeddable":true,"href":"https:\/\/dossenberger.de\/index.php?rest_route=\/wp\/v2\/users\/2"}],"replies":[{"embeddable":true,"href":"https:\/\/dossenberger.de\/index.php?rest_route=%2Fwp%2Fv2%2Fcomments&post=7130"}],"version-history":[{"count":6,"href":"https:\/\/dossenberger.de\/index.php?rest_route=\/wp\/v2\/posts\/7130\/revisions"}],"predecessor-version":[{"id":7138,"href":"https:\/\/dossenberger.de\/index.php?rest_route=\/wp\/v2\/posts\/7130\/revisions\/7138"}],"wp:featuredmedia":[{"embeddable":true,"href":"https:\/\/dossenberger.de\/index.php?rest_route=\/wp\/v2\/media\/7132"}],"wp:attachment":[{"href":"https:\/\/dossenberger.de\/index.php?rest_route=%2Fwp%2Fv2%2Fmedia&parent=7130"}],"wp:term":[{"taxonomy":"category","embeddable":true,"href":"https:\/\/dossenberger.de\/index.php?rest_route=%2Fwp%2Fv2%2Fcategories&post=7130"},{"taxonomy":"post_tag","embeddable":true,"href":"https:\/\/dossenberger.de\/index.php?rest_route=%2Fwp%2Fv2%2Ftags&post=7130"}],"curies":[{"name":"wp","href":"https:\/\/api.w.org\/{rel}","templated":true}]}}