{"id":7175,"date":"2019-03-13T14:58:26","date_gmt":"2019-03-13T13:58:26","guid":{"rendered":"https:\/\/dossenberger.de\/?p=7175"},"modified":"2019-07-09T07:46:14","modified_gmt":"2019-07-09T05:46:14","slug":"erstes-internationales-treffen-in-athen-mit-dem-projekt-erasmus","status":"publish","type":"post","link":"https:\/\/dossenberger.de\/?p=7175","title":{"rendered":"Erstes Internationales Treffen in Athen mit dem Projekt Erasmus+"},"content":{"rendered":"\n<p>Seit der Bildung der Erasmus-Gruppe im November 2018 hat sich viel getan! Sechzehn Sch\u00fcler aus den 8. und 9. Klassen am Dossi arbeiten jetzt fest beim Erasmus+ Projekt mit und d\u00fcrfen innerhalb zwei Jahren mindestens einmal ins Ausland reisen. Daf\u00fcr m\u00fcssen sich die engagierten Sch\u00fclerinnen und Sch\u00fcler regelm\u00e4\u00dfig nach dem Unterricht an einem Nachmittag treffen und an verschiedenen Aktivit\u00e4ten rund um das Thema Solidarit\u00e4t teilnehmen!<\/p>\n\n\n\n<p>Zun\u00e4chst wurden an allen vier Schulen in Deutschland, Griechenland, Italien und Schweden ein Logo zu dem Motto entworfen. Nach der Abstimmung wurde unser Logo ausgew\u00e4hlt und wir k\u00f6nnen stolz darauf sein!<\/p>\n\n\n\n<p>Hier ist das Ergebnis.<\/p>\n\n\n\n<figure class=\"wp-block-image\"><img loading=\"lazy\" decoding=\"async\" width=\"480\" height=\"580\" src=\"https:\/\/dossenberger.de\/wp-content\/uploads\/2019\/03\/bild1logo.jpg\" alt=\"\" class=\"wp-image-7219\" srcset=\"https:\/\/dossenberger.de\/wp-content\/uploads\/2019\/03\/bild1logo.jpg 480w, https:\/\/dossenberger.de\/wp-content\/uploads\/2019\/03\/bild1logo-248x300.jpg 248w\" sizes=\"auto, (max-width: 480px) 100vw, 480px\" \/><\/figure>\n\n\n\n<p>Im Dezember haben sich die Sch\u00fclerinnen und Sch\u00fcler mit der europ\u00e4ischen Plattform eTwinning auseinandergesetzt: Dort hat jede und jeder einen mit einen Passwort gesch\u00fctzten Zugang und kann mit den Partnern in Kontakt treten. Die aktuellen Ergebnisse unserer Arbeit sind unter dem Link https:\/\/twinspace.etwinning.net\/72410  abrufbar. So k\u00f6nnen alle, ob Mitsch\u00fcler, Lehrer oder Eltern sich auf dem Laufenden halten!<br>Achtung: Die Arbeitssprache des Projekts ist Franz\u00f6sisch!<\/p>\n\n\n\n<p><strong>Zur Erinnerung:<\/strong><br>Im Rahmen des Projekts finden insgesamt vier internationale Treffen statt. Das erste Treffen fand vom 10.2 \u2013 15.2.2019 in Athen statt. Sieben Sch\u00fclerinnen und Sch\u00fcler sowie drei Lehrer unserer Schule sind dorthin gereist! Doch vor der Reise mussten sich alle mit der griechischen Kultur auseinandersetzen. Dazu geh\u00f6rten auch Einblicke in die Geografie des Landes, in manche Br\u00e4uche und kulinarische Besonderheiten und nicht zuletzt in das griechische Alphabet! Auf der Projektseite eTwinning kann man kleine R\u00e4tsel und H\u00f6rdateien entdecken, die wir zu diesen Themen bearbeitet haben. <\/p>\n\n\n\n<p>Au\u00dferdem haben die Sch\u00fclerinnen und Sch\u00fcler ihre interkulturellen Kompetenz getestet, indem sie sich auf m\u00f6gliche schwierige Situationen im Gastland durch einen Fragebogen vorbereitet haben. Schlie\u00dflich waren manche zum ersten Mal bei einem Sch\u00fcleraustausch. Eins haben sie auf jeden Fall daraus gelernt: Kommunikation, egal in welcher Sprache,  zur Not auch mit H\u00e4nden und F\u00fc\u00dfen,  ist das A und O!<\/p>\n\n\n\n<p>Nun sind Sie  vielleicht neugierig geworden, wie der Aufenthalt in der Gro\u00dfstadt Athen gelaufen ist. Die gereisten Sch\u00fclerinnen und Sch\u00fcler haben folgende Notizen und Bemerkungen in ihrem Reisetagebuch zusammengeschrieben. Viele Bilder illustrieren diese intensiven Begegnungen zwischen Jugendlichen aus Griechenland, Italien, Schweden und Deutschland\u2026 Viel Spa\u00df beim Entdecken! Und danke an Emma, Celina, Moriah, Lilli, Diego, Philipp und Maxi f\u00fcr ihre Texte.<\/p>\n\n\n\n<p><strong>Samstag 9. Februar 2019:<\/strong> <br>Nach einer zehnst\u00fcndigen Reise mit Bahn, Flugzeug, Bus, U-Bahn und Stra\u00dfenbahn wurden wir endlich von unseren Gastfamilien in Empfang genommen!<\/p>\n\n\n\n<p><strong>Sonntag 10. Februar 2019:<\/strong> <br>Das Programm des Tages begann um 10:00 Uhr [eine Stunde vor der deutschen Zeit] in unserer griechischen Austauschschule, dem Gymnasio Homerio II. Um uns besser kennenzulernen, spielten wir Gemeinschaftsspiele. Danach fuhren wir mit der Metro zur Akropolis. Ein kleines St\u00fcck des ersten griechischen Theaterst\u00fcckes wurde uns von zwei maskierten griechischen Sch\u00fclern vor dem Odeon vorgelesen, bevor wir zur Akropolis hochliefen. W\u00e4hrend wir den \u00fcberw\u00e4ltigenden Ausblick genossen haben, wurde uns die Geschichte der Akropolis erkl\u00e4rt. Von oben konnte man die ganze Stadt sehen! Nach dem Abstieg gingen wir in dem Stadtviertel Plaka essen und um 15:30 Uhr besichtigten wir das Akropolis-Museum, wo wir uns auf den Boden setzten, da allen die Beine weh taten. Danach ging es wieder ab nach Hause. Daheim bereiteten wir uns alle f\u00fcr einen Filmabend bei einer Griechin vor. Als alle kamen h\u00f6rten wir Musik, bestellten Pizzen und schauten Baywatch an. Es wurde viel gelacht. Ziemlich sp\u00e4t gingen alle nach Hause.<\/p>\n\n\n\n<figure class=\"wp-block-image\"><img loading=\"lazy\" decoding=\"async\" width=\"640\" height=\"361\" src=\"https:\/\/dossenberger.de\/wp-content\/uploads\/2019\/03\/bild3akropolis.jpg\" alt=\"\" class=\"wp-image-7180\" srcset=\"https:\/\/dossenberger.de\/wp-content\/uploads\/2019\/03\/bild3akropolis.jpg 640w, https:\/\/dossenberger.de\/wp-content\/uploads\/2019\/03\/bild3akropolis-300x169.jpg 300w\" sizes=\"auto, (max-width: 640px) 100vw, 640px\" \/><\/figure>\n\n\n\n<figure class=\"wp-block-image\"><img loading=\"lazy\" decoding=\"async\" width=\"640\" height=\"361\" src=\"https:\/\/dossenberger.de\/wp-content\/uploads\/2019\/03\/bild4akropolis.jpg\" alt=\"\" class=\"wp-image-7181\" srcset=\"https:\/\/dossenberger.de\/wp-content\/uploads\/2019\/03\/bild4akropolis.jpg 640w, https:\/\/dossenberger.de\/wp-content\/uploads\/2019\/03\/bild4akropolis-300x169.jpg 300w\" sizes=\"auto, (max-width: 640px) 100vw, 640px\" \/><\/figure>\n\n\n\n<p><strong>Montag 11. Februar 2019:<\/strong> <br>Am Montag besuchten wir zuerst eine Schulstunde mit unseren Partnern. Danach gingen alle Erasmus+- Teilnehmer in die Schulb\u00fccherei. Dort haben wir die Schulsysteme der anderen L\u00e4nder kennengelernt und an verschiedenen Stationen zum Thema \u201eSolidarit\u00e4t in der Schule\u201c Plakate gestaltet. Einmal haben wir eine Kette aus Zetteln, auf denen wir jeweils eine Botschaft \u00fcber richtige Freundschaft zusammengeschrieben hatten, gebastelt. Au\u00dferdem haben sich uns zwei Olympiasieger vorgestellt: Die Frau gewann 2008 in Peking Bronze im Segeln und der Mann gewann 2004 im Handball Gold. Beide sagten, dass man immer an seine Ziele glauben muss und niemals aufgeben soll! Nur dann kann man erfolgreich werden. Nach einer kurzen Pause haben wir auf dem Sportgel\u00e4nde Handball gespielt, selbstverst\u00e4ndlich mit dem Olympiasieger. Zu Mittag haben uns die griechischen Familien ein riesiges Buffet mit leckeren typischen Gerichten in der Bibliothek vorbereitet. Zum Schluss durften wir griechische T\u00e4nze \u00fcben.<\/p>\n\n\n\n<p> <\/p>\n\n\n\n<figure class=\"wp-block-image\"><img loading=\"lazy\" decoding=\"async\" width=\"640\" height=\"361\" src=\"https:\/\/dossenberger.de\/wp-content\/uploads\/2019\/03\/bild5schule.jpg\" alt=\"\" class=\"wp-image-7182\" srcset=\"https:\/\/dossenberger.de\/wp-content\/uploads\/2019\/03\/bild5schule.jpg 640w, https:\/\/dossenberger.de\/wp-content\/uploads\/2019\/03\/bild5schule-300x169.jpg 300w\" sizes=\"auto, (max-width: 640px) 100vw, 640px\" \/><\/figure>\n\n\n\n<figure class=\"wp-block-image\"><img loading=\"lazy\" decoding=\"async\" width=\"640\" height=\"361\" src=\"https:\/\/dossenberger.de\/wp-content\/uploads\/2019\/03\/bild7schule.jpg\" alt=\"\" class=\"wp-image-7183\" srcset=\"https:\/\/dossenberger.de\/wp-content\/uploads\/2019\/03\/bild7schule.jpg 640w, https:\/\/dossenberger.de\/wp-content\/uploads\/2019\/03\/bild7schule-300x169.jpg 300w\" sizes=\"auto, (max-width: 640px) 100vw, 640px\" \/><\/figure>\n\n\n\n<figure class=\"wp-block-image\"><img loading=\"lazy\" decoding=\"async\" width=\"640\" height=\"361\" src=\"https:\/\/dossenberger.de\/wp-content\/uploads\/2019\/03\/bild9schule.jpg\" alt=\"\" class=\"wp-image-7184\" srcset=\"https:\/\/dossenberger.de\/wp-content\/uploads\/2019\/03\/bild9schule.jpg 640w, https:\/\/dossenberger.de\/wp-content\/uploads\/2019\/03\/bild9schule-300x169.jpg 300w\" sizes=\"auto, (max-width: 640px) 100vw, 640px\" \/><\/figure>\n\n\n\n<p><strong>Dienstag 12. Februar 2019:<\/strong> <br>Weil wir uns um 6 Uhr an der Schule treffen wollten, mussten wir sehr fr\u00fch aufstehen! Deshalb haben auch die meisten bei der 4-st\u00fcndigen Busfahrt nach Olympia geschlafen. Wer nicht m\u00fcde war, hat mit den anderen skata, ein traditionelles Kartenspiel gespielt. In Olympia angekommen gingen wir neben dem Cronos-Berg in ein Museum \u00fcber die antiken olympischen Spiele. Dort sind wir in einem 3D-Video \u00fcber das rekonstruierte Gel\u00e4nde virtuell gelaufen. Dann erkundeten wir wirklich die Ruinen. In dem antiken Stadion haben wir uns wie die olympischen Teilnehmer vor \u00fcber zwei Tausend Jahren gef\u00fchlt\u2026 Danach sind wir zur internationalen Akademie der olympischen Spiele gefahren, um mehr \u00fcber die modernen Spiele zu erfahren. Wir besichtigten auch die Antiquit\u00e4tensammlung, was sehr beeindruckend war! Da die R\u00fcckfahrt fast f\u00fcnf Stunden dauerte, waren wir erst sehr sp\u00e4t zu Hause, m\u00fcde von unseren vielen Eindr\u00fccken nach dem l\u00e4ngsten Ausflug der Woche!<\/p>\n\n\n\n<p><br><\/p>\n\n\n\n<figure class=\"wp-block-image\"><img loading=\"lazy\" decoding=\"async\" width=\"640\" height=\"361\" src=\"https:\/\/dossenberger.de\/wp-content\/uploads\/2019\/03\/bild11olympia.jpg\" alt=\"\" class=\"wp-image-7185\" srcset=\"https:\/\/dossenberger.de\/wp-content\/uploads\/2019\/03\/bild11olympia.jpg 640w, https:\/\/dossenberger.de\/wp-content\/uploads\/2019\/03\/bild11olympia-300x169.jpg 300w\" sizes=\"auto, (max-width: 640px) 100vw, 640px\" \/><\/figure>\n\n\n\n<figure class=\"wp-block-image\"><img loading=\"lazy\" decoding=\"async\" width=\"640\" height=\"361\" src=\"https:\/\/dossenberger.de\/wp-content\/uploads\/2019\/03\/bild13olympia.jpg\" alt=\"\" class=\"wp-image-7186\" srcset=\"https:\/\/dossenberger.de\/wp-content\/uploads\/2019\/03\/bild13olympia.jpg 640w, https:\/\/dossenberger.de\/wp-content\/uploads\/2019\/03\/bild13olympia-300x169.jpg 300w\" sizes=\"auto, (max-width: 640px) 100vw, 640px\" \/><\/figure>\n\n\n\n<figure class=\"wp-block-image\"><img loading=\"lazy\" decoding=\"async\" width=\"640\" height=\"361\" src=\"https:\/\/dossenberger.de\/wp-content\/uploads\/2019\/03\/bild14olympia.jpg\" alt=\"\" class=\"wp-image-7187\" srcset=\"https:\/\/dossenberger.de\/wp-content\/uploads\/2019\/03\/bild14olympia.jpg 640w, https:\/\/dossenberger.de\/wp-content\/uploads\/2019\/03\/bild14olympia-300x169.jpg 300w\" sizes=\"auto, (max-width: 640px) 100vw, 640px\" \/><\/figure>\n\n\n\n<figure class=\"wp-block-image\"><img loading=\"lazy\" decoding=\"async\" width=\"640\" height=\"361\" src=\"https:\/\/dossenberger.de\/wp-content\/uploads\/2019\/03\/bild24stadion.jpg\" alt=\"\" class=\"wp-image-7221\" srcset=\"https:\/\/dossenberger.de\/wp-content\/uploads\/2019\/03\/bild24stadion.jpg 640w, https:\/\/dossenberger.de\/wp-content\/uploads\/2019\/03\/bild24stadion-300x169.jpg 300w\" sizes=\"auto, (max-width: 640px) 100vw, 640px\" \/><\/figure>\n\n\n\n<p><strong>Mittwoch 13. Februar 2019: Ein Interview<\/strong><br>Reporter: Emma! Ich habe geh\u00f6rt, dass ihr im Stadtteil Kallithea wart, die \u201eguter Ausblick\u201c hei\u00dft. Was habt ihr dort gemacht?<br>Emma: Wir waren dort im Stavros Niarchos Foundation Cultural Centre, einem riesigen Geb\u00e4ude, das 2016 dank einem reichen Griechen fertiggestellt wurde. Als erstes waren wir in einer hohen Halle, das war die Nationalbibliothek. Da wurden wir erstmal ermahnt, dass wir nicht so laut sprechen d\u00fcrfen. Au\u00dferdem waren viele der B\u00fccher hinter Glas verschlossen. Was haben wir dann nochmal gemacht?<br>Lilli: Die F\u00fchrerin hat uns etwas \u00fcber die Geschichte des Geb\u00e4udes erz\u00e4hlt. Dann hatten wir Zeit, uns selbst ein Geb\u00e4ude nach dem Motto \u201etransition\u201c als Architekturmodel zu entwerfen. Mit den verschiedenen Materialien in kleinen Gruppen zu basteln hat wirklich Spa\u00df gemacht!<br>Emma: Wirklich! Dann sind wir auf das Dach von dem Geb\u00e4ude mit Lift gefahren. Von der Aussichtsplattform konnte man sogar das Meer sehen! Es war aber sehr windig.<br>Lilli: Und ziemlich kalt! Wir sind dann zum Hafen gelaufen. Dort hatten wir Freizeit und haben Cr\u00eapes, frozen Jogurt und Pommes gegessen.<br>Emma: Und nach wenigen Stunden haben wir uns wieder zum Essen getroffen! <br>Reporter: Habt ihr euch alle getroffen? Wo genau?<br>Lilli: Alle Teilnehmer vom Erasmus-Programm und teilweise die Familien haben sich in einer Taverne bei der Akropolis verabredet. Es gab sehr viel zu essen und es wurde zur Livemusik eines griechischen Trios viel getanzt.<br>Emma: Ja! Die meisten Griechen konnten alle traditionellen T\u00e4nze, aber wir haben auch einige gelernt. Deshalb waren wir auch ziemlich fertig, als wir sp\u00e4tabends nach Hause gegangen sind. Aber wie meine Partnerin mir erz\u00e4hlt hat, waren wir sogar noch relativ fr\u00fch zu Hause\u2026<\/p>\n\n\n\n<figure class=\"wp-block-image\"><img loading=\"lazy\" decoding=\"async\" width=\"640\" height=\"361\" src=\"https:\/\/dossenberger.de\/wp-content\/uploads\/2019\/03\/bild17culturalc.jpg\" alt=\"\" class=\"wp-image-7189\" srcset=\"https:\/\/dossenberger.de\/wp-content\/uploads\/2019\/03\/bild17culturalc.jpg 640w, https:\/\/dossenberger.de\/wp-content\/uploads\/2019\/03\/bild17culturalc-300x169.jpg 300w\" sizes=\"auto, (max-width: 640px) 100vw, 640px\" \/><\/figure>\n\n\n\n<figure class=\"wp-block-image\"><img loading=\"lazy\" decoding=\"async\" width=\"640\" height=\"361\" src=\"https:\/\/dossenberger.de\/wp-content\/uploads\/2019\/03\/bild21taverne.jpg\" alt=\"\" class=\"wp-image-7190\" srcset=\"https:\/\/dossenberger.de\/wp-content\/uploads\/2019\/03\/bild21taverne.jpg 640w, https:\/\/dossenberger.de\/wp-content\/uploads\/2019\/03\/bild21taverne-300x169.jpg 300w\" sizes=\"auto, (max-width: 640px) 100vw, 640px\" \/><\/figure>\n\n\n\n<p><strong>Donnerstag 14. Februar 2019: <\/strong><br>Am Donnerstag haben wir die ersten zwei Stunden am Unterricht teilgenommen. Danach sind wir als erstes zum \u201eSozialsupermarkt\u201c des Stadtteils Neas Smyrnis gegangen. Dort haben wir erfahren, dass bed\u00fcrftige Leute sich alle zwei Monate Lebensmittel wie Mehl, Zucker, Nudeln usw. holen k\u00f6nnen. Daraufhin haben wir eine orthodoxe Kirche angeschaut, in der uns der Pfarrer begr\u00fc\u00dfte. Dann sind wir zu einer Hilfsorganisation gegangen, die Familien mit kranken Kindern vom Ausland aufnimmt, w\u00e4hrend sie auf eine OP warten. Die Gr\u00fcnderin hat uns auch sehr warmherzig empfangen. Zuletzt haben wir das Panathinaiko-Stadion angeschaut, das vollst\u00e4ndig aus Marmor besteht. <\/p>\n\n\n\n<figure class=\"wp-block-image\"><img loading=\"lazy\" decoding=\"async\" width=\"640\" height=\"361\" src=\"https:\/\/dossenberger.de\/wp-content\/uploads\/2019\/03\/bild25stadion.jpg\" alt=\"\" class=\"wp-image-7191\" srcset=\"https:\/\/dossenberger.de\/wp-content\/uploads\/2019\/03\/bild25stadion.jpg 640w, https:\/\/dossenberger.de\/wp-content\/uploads\/2019\/03\/bild25stadion-300x169.jpg 300w\" sizes=\"auto, (max-width: 640px) 100vw, 640px\" \/><\/figure>\n\n\n\n<p><strong>Freitag 15. Februar 2019:<\/strong> <br>Am letzten Tag haben wir uns an der Schule nochmal getroffen und Geschenke bekommen. Nachmittag sind einige von uns zum Strand gefahren trotz des st\u00fcrmischen, kalten Wetters. Es ist ja nicht jeden Tag, dass wir das Meer so nah erleben k\u00f6nnen!<\/p>\n\n\n\n<p><strong>Samstag 16. Februar 2019: <\/strong> <br>Leider war die Woche bei unseren griechischen Partnern viel zu schnell vorbeigegangen! Der Abschied war nicht leicht. Doch wir freuten uns darauf, zu Hause all unsere Erlebnisse weiter zu erz\u00e4hlen!<\/p>\n\n\n\n<figure class=\"wp-block-image\"><img loading=\"lazy\" decoding=\"async\" width=\"640\" height=\"361\" src=\"https:\/\/dossenberger.de\/wp-content\/uploads\/2019\/03\/bild26strand.jpg\" alt=\"\" class=\"wp-image-7192\" srcset=\"https:\/\/dossenberger.de\/wp-content\/uploads\/2019\/03\/bild26strand.jpg 640w, https:\/\/dossenberger.de\/wp-content\/uploads\/2019\/03\/bild26strand-300x169.jpg 300w\" sizes=\"auto, (max-width: 640px) 100vw, 640px\" \/><\/figure>\n\n\n\n<p><strong>Fazit<\/strong><br>Es ist wunderbar zu sehen, wie Jugendliche aus vier europ\u00e4ischen L\u00e4ndern in einer Woche so gut miteinander auskommen, trotz kulturellen und sprachlichen Unterschieden. Sicherlich haben die griechische Warmherzigkeit und Gastfreundlichkeit dazu beigetragen, dass unsere Sch\u00fclerinnen und Sch\u00fcler sich in Athen wohl gef\u00fchlt haben. Wir,  die Lehrer des Erasmus+ Projekts, freuen uns, dass die Jugendlichen ein einzigartiges Gemeinschaftsgef\u00fchl durch die vielen Aktivit\u00e4ten und nicht zuletzt durch den Sport erlebt haben!<br> Das Abenteuer geht weiter! In knapp drei Wochen fahren wir diesmal nach Vergato (Italien) zum zweiten internationalen Treffen mit unseren Partnern. Dort besch\u00e4ftigen wir uns weiter mit dem Thema Solidarit\u00e4t in der Schule, vor allem mit dem Kampf gegen Mobbing. Die geplanten Aktivit\u00e4ten sind mit Theater und Musik verbunden. In unserem n\u00e4chsten Artikel k\u00f6nnen Sie mehr erfahren! A bient\u00f4t!<\/p>\n\n\n\n<p><em>C. Wecker und das Erasmus+ Team <\/em><\/p>\n\n\n\n<figure class=\"wp-block-image\"><img loading=\"lazy\" decoding=\"async\" width=\"640\" height=\"284\" src=\"https:\/\/dossenberger.de\/wp-content\/uploads\/2019\/03\/Erasmusgefoerdert_rgb.jpg\" alt=\"\" class=\"wp-image-7193\" srcset=\"https:\/\/dossenberger.de\/wp-content\/uploads\/2019\/03\/Erasmusgefoerdert_rgb.jpg 640w, https:\/\/dossenberger.de\/wp-content\/uploads\/2019\/03\/Erasmusgefoerdert_rgb-300x133.jpg 300w\" sizes=\"auto, (max-width: 640px) 100vw, 640px\" \/><\/figure>\n","protected":false},"excerpt":{"rendered":"<p>Seit der Bildung der Erasmus-Gruppe im November 2018 hat sich viel getan! Sechzehn Sch\u00fcler aus den 8. und 9. Klassen<\/p>\n","protected":false},"author":2,"featured_media":7176,"comment_status":"closed","ping_status":"closed","sticky":false,"template":"","format":"standard","meta":{"colormag_page_container_layout":"default_layout","colormag_page_sidebar_layout":"default_layout","ngg_post_thumbnail":0,"_price":"","_stock":"","_tribe_ticket_header":"","_tribe_default_ticket_provider":"","_tribe_ticket_capacity":"0","_ticket_start_date":"","_ticket_end_date":"","_tribe_ticket_show_description":"","_tribe_ticket_show_not_going":false,"_tribe_ticket_use_global_stock":"","_tribe_ticket_global_stock_level":"","_global_stock_mode":"","_global_stock_cap":"","_tribe_rsvp_for_event":"","_tribe_ticket_going_count":"","_tribe_ticket_not_going_count":"","_tribe_tickets_list":"[]","_tribe_ticket_has_attendee_info_fields":false,"footnotes":""},"categories":[83,3],"tags":[],"class_list":["post-7175","post","type-post","status-publish","format-standard","has-post-thumbnail","hentry","category-erasmus","category-fachunterricht"],"_links":{"self":[{"href":"https:\/\/dossenberger.de\/index.php?rest_route=\/wp\/v2\/posts\/7175","targetHints":{"allow":["GET"]}}],"collection":[{"href":"https:\/\/dossenberger.de\/index.php?rest_route=\/wp\/v2\/posts"}],"about":[{"href":"https:\/\/dossenberger.de\/index.php?rest_route=\/wp\/v2\/types\/post"}],"author":[{"embeddable":true,"href":"https:\/\/dossenberger.de\/index.php?rest_route=\/wp\/v2\/users\/2"}],"replies":[{"embeddable":true,"href":"https:\/\/dossenberger.de\/index.php?rest_route=%2Fwp%2Fv2%2Fcomments&post=7175"}],"version-history":[{"count":5,"href":"https:\/\/dossenberger.de\/index.php?rest_route=\/wp\/v2\/posts\/7175\/revisions"}],"predecessor-version":[{"id":7222,"href":"https:\/\/dossenberger.de\/index.php?rest_route=\/wp\/v2\/posts\/7175\/revisions\/7222"}],"wp:featuredmedia":[{"embeddable":true,"href":"https:\/\/dossenberger.de\/index.php?rest_route=\/wp\/v2\/media\/7176"}],"wp:attachment":[{"href":"https:\/\/dossenberger.de\/index.php?rest_route=%2Fwp%2Fv2%2Fmedia&parent=7175"}],"wp:term":[{"taxonomy":"category","embeddable":true,"href":"https:\/\/dossenberger.de\/index.php?rest_route=%2Fwp%2Fv2%2Fcategories&post=7175"},{"taxonomy":"post_tag","embeddable":true,"href":"https:\/\/dossenberger.de\/index.php?rest_route=%2Fwp%2Fv2%2Ftags&post=7175"}],"curies":[{"name":"wp","href":"https:\/\/api.w.org\/{rel}","templated":true}]}}