{"id":7247,"date":"2019-03-18T18:12:24","date_gmt":"2019-03-18T17:12:24","guid":{"rendered":"https:\/\/dossenberger.de\/?p=7247"},"modified":"2019-03-18T18:12:25","modified_gmt":"2019-03-18T17:12:25","slug":"kunstliebhaber-aus-schule-und-vhs","status":"publish","type":"post","link":"https:\/\/dossenberger.de\/?p=7247","title":{"rendered":"Kunstliebhaber aus Schule und VHS &#8230;"},"content":{"rendered":"\n<p>&#8230; trafen sich am 12. M\u00e4rz 2019 in der Mensa des Dossenberger-Gymnasiums zum Vortrag \u201eDie Kunst der Renaissance\u201c.<\/p>\n\n\n\n<p>Der Grund war eine Veranstaltung, f\u00fcr die in den letzten Monaten viele Kunstfans extra nach M\u00fcnchen reisten. Dort zeigte die Alte Pinakothek die sehr begehrte Ausstellung \u201eFlorenz und seine Maler\u201c. Eine Expertin, die durch diese Ausstellung f\u00fchrte, konnte von der Fachschaft Italienisch gewonnen werden, um die wichtigsten Aussagen der Ausstellung am Dossenberger noch einmal zu zeigen \u2013 nat\u00fcrlich nicht mit Originalen, aber in ganz gro\u00dfem Format, dank unseres Mega-Beamers.<\/p>\n\n\n\n<p>Im Vortrag von Dr. Katia Marano, die als \u201eKunstvermittlerin\u201c an den Pinakotheken M\u00fcnchens arbeitet, wurden spannende Zusammenh\u00e4nge aus Kunst, Geschichte, Politik und Soziologie zu einem Gro\u00dfen Ganzen zusammengef\u00fchrt. <\/p>\n\n\n\n<p>Die Fachleitung Italienisch will so das Grundwissen und die Wertsch\u00e4tzung der Kunst ihrer Italienischsch\u00fcler ausbauen und u. a. auch so auf weitere Fahrten nach Florenz vorbereiten, wo das Dossenberger nun noch eine weitere Schulpartnerschaft hat. Diese ist in einer Medici-Villa zu Hause, wo in jeder Ecke erlesenste Kunst zu finden ist, welche nach dem Vortrag nun bestimmt mit noch offeneren Augen betrachtet wird.<\/p>\n\n\n\n<p>Die Rechnung ging auf: Nach dem Vortrag wollten die Sch\u00fcler mehr von dieser Kunst sehen \u2013 und zwar im Museum. Sie waren ebenso begeistert von der Idee, dass Schule ein Begegnungsort sein kann, damit bei solch hochkar\u00e4tigen Vortr\u00e4gen mehr B\u00fcrger davon profitieren k\u00f6nnen, als nur sie selbst, denn an diesem Dienstag Vormittag waren auch acht Besucher der VHS mit der Leitung Frau Demmel anwesend.<\/p>\n\n\n\n<p>Wie Georg Russ aus der Schulleitung in der Begr\u00fc\u00dfung meinte, will das Dossenberger nicht nur ein \u201eOffenes Europ\u00e4isches Gymnasium\u201c sein, sondern generell eine \u201eOffene Schule\u201c. Er hofft auf eine Fortsetzung dieser neuen Art von Begegnung von &#8220;Schulen f\u00fcr alle Altersstufen\u201c.<\/p>\n\n\n\n<p><em>Brosig<\/em><\/p>\n","protected":false},"excerpt":{"rendered":"<p>&#8230; trafen sich am 12. M\u00e4rz 2019 in der Mensa des Dossenberger-Gymnasiums zum Vortrag \u201eDie Kunst der Renaissance\u201c. Der Grund<\/p>\n","protected":false},"author":2,"featured_media":7248,"comment_status":"closed","ping_status":"closed","sticky":false,"template":"","format":"standard","meta":{"colormag_page_container_layout":"default_layout","colormag_page_sidebar_layout":"default_layout","ngg_post_thumbnail":0,"_price":"","_stock":"","_tribe_ticket_header":"","_tribe_default_ticket_provider":"","_tribe_ticket_capacity":"0","_ticket_start_date":"","_ticket_end_date":"","_tribe_ticket_show_description":"","_tribe_ticket_show_not_going":false,"_tribe_ticket_use_global_stock":"","_tribe_ticket_global_stock_level":"","_global_stock_mode":"","_global_stock_cap":"","_tribe_rsvp_for_event":"","_tribe_ticket_going_count":"","_tribe_ticket_not_going_count":"","_tribe_tickets_list":"[]","_tribe_ticket_has_attendee_info_fields":false,"footnotes":""},"categories":[14,3],"tags":[],"class_list":["post-7247","post","type-post","status-publish","format-standard","has-post-thumbnail","hentry","category-italienisch","category-fachunterricht"],"_links":{"self":[{"href":"https:\/\/dossenberger.de\/index.php?rest_route=\/wp\/v2\/posts\/7247","targetHints":{"allow":["GET"]}}],"collection":[{"href":"https:\/\/dossenberger.de\/index.php?rest_route=\/wp\/v2\/posts"}],"about":[{"href":"https:\/\/dossenberger.de\/index.php?rest_route=\/wp\/v2\/types\/post"}],"author":[{"embeddable":true,"href":"https:\/\/dossenberger.de\/index.php?rest_route=\/wp\/v2\/users\/2"}],"replies":[{"embeddable":true,"href":"https:\/\/dossenberger.de\/index.php?rest_route=%2Fwp%2Fv2%2Fcomments&post=7247"}],"version-history":[{"count":1,"href":"https:\/\/dossenberger.de\/index.php?rest_route=\/wp\/v2\/posts\/7247\/revisions"}],"predecessor-version":[{"id":7249,"href":"https:\/\/dossenberger.de\/index.php?rest_route=\/wp\/v2\/posts\/7247\/revisions\/7249"}],"wp:featuredmedia":[{"embeddable":true,"href":"https:\/\/dossenberger.de\/index.php?rest_route=\/wp\/v2\/media\/7248"}],"wp:attachment":[{"href":"https:\/\/dossenberger.de\/index.php?rest_route=%2Fwp%2Fv2%2Fmedia&parent=7247"}],"wp:term":[{"taxonomy":"category","embeddable":true,"href":"https:\/\/dossenberger.de\/index.php?rest_route=%2Fwp%2Fv2%2Fcategories&post=7247"},{"taxonomy":"post_tag","embeddable":true,"href":"https:\/\/dossenberger.de\/index.php?rest_route=%2Fwp%2Fv2%2Ftags&post=7247"}],"curies":[{"name":"wp","href":"https:\/\/api.w.org\/{rel}","templated":true}]}}