{"id":7517,"date":"2019-04-26T08:32:16","date_gmt":"2019-04-26T06:32:16","guid":{"rendered":"https:\/\/dossenberger.de\/?p=7517"},"modified":"2019-04-26T08:33:35","modified_gmt":"2019-04-26T06:33:35","slug":"lernzirkel-judentum-episode-xx-die-rueckkehr-der-grundschueler","status":"publish","type":"post","link":"https:\/\/dossenberger.de\/?p=7517","title":{"rendered":"Lernzirkel Judentum, Episode XX \u2013 Die R\u00fcckkehr der Grundsch\u00fcler"},"content":{"rendered":"\n<p>\u201eMensch, wo bist Du \u2013 Gemeinsam gegen Judenfeindlichkeit\u201c, unter diesem Motto stand die diesj\u00e4hrige Woche der Br\u00fcderlichkeit. Ein passendes Thema auch f\u00fcr den Lernzirkel Judentum, der vom 11. bis zum 15. M\u00e4rz unter Leitung von Dr. Michael Salbaum in der ehemaligen Synagoge in Ichenhausen stattfand. Auch dieses Mal haben die Sch\u00fclerinnen und Sch\u00fcler der neunten Klasse im Vorfeld w\u00e4hrend des Religionsunterrichts Vortr\u00e4ge, Pr\u00e4sentationen und Arbeitsbl\u00e4tter f\u00fcr die Viertkl\u00e4ssler der Grundschulen zu den Themen Feste &amp; Feiern, Synagoge &amp; Mikwe, Schrift &amp; Schriften, Ber\u00fchmte Juden und Tod &amp; Friedhof erarbeitet.<\/p>\n\n\n\n<p>\u201eMensch, wo bist du?\u201c ist eine Frage, die w\u00e4hrend dieser Woche in abgewandelter Form das ein oder andere Mal gestellt wurde, denn wenn es gilt, 1111 Grundsch\u00fcler des Landkreises geordnet durch die f\u00fcnf Vormittage zu bekommen und ihnen auf spielerische Weise etwas \u00fcber das Judentum beizubringen, geht das nicht immer reibungslos \u00fcber die B\u00fchne. Mal wird in der ganzen Synagoge aufgeregt nach einem vermissten Sch\u00fcler gesucht, der sich schlie\u00dflich als nicht-existent herausstellt, an einem anderen Tag landet eine der Grundschulen versehentlich zuerst am Friedhof und wirft damit den Zeitplan durcheinander. Die Gruppe auf dem Friedhof hat Regen und Wind zu trotzen und es wird \u00fcberlegt, ob man vielleicht auf das Pfarrheim ausweichen muss, was die Station Tod &amp; Friedhof um ihren Dreh- und Angelpunkt bringen w\u00fcrde. Einen Sack Fl\u00f6he zu h\u00fcten scheint einfacher zu sein, als all das zu organisieren, und auch die Neuntkl\u00e4ssler haben am Ende der Woche gelernt, dass Lehrersein kein Zuckerschlecken ist. Aber der ein oder andere hat auch die Freude am Unterrichten zu sp\u00fcren bekommen oder konnte durch andere F\u00e4higkeiten gl\u00e4nzen, die im normalen Schulalltag nicht zur Geltung kommen. So konnte manch einer der Technik-Gruppe Organisationstalent beweisen, und bei der Betreuung einer spanischsprachigen Grundsch\u00fclerin wurden unerwartet Sprachkenntnisse gefordert. Die Neuntkl\u00e4ssler sind zum Gro\u00dfteil f\u00fcr alles selbst verantwortlich und wachsen dabei oftmals \u00fcber sich hinaus. Nicht wenige von ihnen waren f\u00fcnf Jahre zuvor selbst als Grundsch\u00fcler dort und freuten sich, nun in die andere Rolle schl\u00fcpfen zu k\u00f6nnen.<\/p>\n\n\n\n<div class=\"wp-block-image\"><figure class=\"aligncenter\"><img loading=\"lazy\" decoding=\"async\" width=\"1024\" height=\"680\" src=\"https:\/\/dossenberger.de\/wp-content\/uploads\/2019\/04\/ichenh1-1024x680.jpg\" alt=\"\" class=\"wp-image-7520\" srcset=\"https:\/\/dossenberger.de\/wp-content\/uploads\/2019\/04\/ichenh1-1024x680.jpg 1024w, https:\/\/dossenberger.de\/wp-content\/uploads\/2019\/04\/ichenh1-300x199.jpg 300w, https:\/\/dossenberger.de\/wp-content\/uploads\/2019\/04\/ichenh1-768x510.jpg 768w\" sizes=\"auto, (max-width: 1024px) 100vw, 1024px\" \/><\/figure><\/div>\n\n\n\n<p>20 Jahre ist unser Lernzirkel 2019 geworden und zu diesem Geburtstag wurde das Projekt bei einem Festakt mit der Silberdistl der Augsburger Allgemeine ausgezeichnet. Auch Dr. Josef Schuster, der Pr\u00e4sident des Zentralsrats der Juden in Deutschland, war anwesend und gratulierte mit den Worten \u201eMasel tov \u2013 bis 120 Jahre\u201c.<\/p>\n\n\n\n<div class=\"wp-block-image\"><figure class=\"aligncenter\"><img loading=\"lazy\" decoding=\"async\" width=\"1024\" height=\"680\" src=\"https:\/\/dossenberger.de\/wp-content\/uploads\/2019\/04\/ichenh2-1024x680.jpg\" alt=\"\" class=\"wp-image-7521\" srcset=\"https:\/\/dossenberger.de\/wp-content\/uploads\/2019\/04\/ichenh2-1024x680.jpg 1024w, https:\/\/dossenberger.de\/wp-content\/uploads\/2019\/04\/ichenh2-300x199.jpg 300w, https:\/\/dossenberger.de\/wp-content\/uploads\/2019\/04\/ichenh2-768x510.jpg 768w\" sizes=\"auto, (max-width: 1024px) 100vw, 1024px\" \/><\/figure><\/div>\n\n\n\n<p>Bis zu den 120 Jahren ist es noch ein Weilchen hin, aber nicht nur an Jahren hat der Lernzirkel schon einiges auf dem Buckel, auch die Sch\u00fclerzahlen sind nicht zu verachten. In den vergangenen zwei Jahrzehnten hat die ehemalige Synagoge \u00fcber 20.000 Grundsch\u00fcler gesehen, die von den Guides durch die R\u00e4ume gef\u00fchrt wurden. Der exakt 20.000. Sch\u00fcler wurde am Mittwoch, gemeinsam mit dem 19.999. und dem 20.001. Grundsch\u00fcler, mit einem kleinen Buchpreis der Firma Hutter ausgezeichnet. Zudem waren in der Woche gleich zwei Filmteams von BR und atv anwesend, die \u00fcber das Projekt berichteten, zus\u00e4tzlich zu einer Gruppe Sch\u00fcler, die Material f\u00fcr einen kleinen Jubil\u00e4umsfilm gesammelt haben.<\/p>\n\n\n\n<figure class=\"wp-block-image\"><img loading=\"lazy\" decoding=\"async\" width=\"1024\" height=\"768\" src=\"https:\/\/dossenberger.de\/wp-content\/uploads\/2019\/04\/ichenh3-1024x768.jpg\" alt=\"\" class=\"wp-image-7522\" srcset=\"https:\/\/dossenberger.de\/wp-content\/uploads\/2019\/04\/ichenh3-1024x768.jpg 1024w, https:\/\/dossenberger.de\/wp-content\/uploads\/2019\/04\/ichenh3-300x225.jpg 300w, https:\/\/dossenberger.de\/wp-content\/uploads\/2019\/04\/ichenh3-768x576.jpg 768w\" sizes=\"auto, (max-width: 1024px) 100vw, 1024px\" \/><\/figure>\n\n\n\n<p>Wer einen kleinen Einblick in die Lernzirkel der vergangenen Jahre bekommen m\u00f6chte, kann das bei der Ausstellung zum 20. Jubil\u00e4um tun, die zun\u00e4chst im Schulmuseum Ichenhausen untergebracht war und ab dem Tag der offenen T\u00fcr am 6. April 2019 im Dossenberger-Gymnasium zu sehen sein wird.<\/p>\n\n\n\n<p><em>Katharina Salbaum (Ex-Q12)<\/em><\/p>\n","protected":false},"excerpt":{"rendered":"<p>\u201eMensch, wo bist Du \u2013 Gemeinsam gegen Judenfeindlichkeit\u201c, unter diesem Motto stand die diesj\u00e4hrige Woche der Br\u00fcderlichkeit. Ein passendes Thema<\/p>\n","protected":false},"author":2,"featured_media":7518,"comment_status":"closed","ping_status":"closed","sticky":false,"template":"","format":"standard","meta":{"colormag_page_container_layout":"default_layout","colormag_page_sidebar_layout":"default_layout","ngg_post_thumbnail":0,"_price":"","_stock":"","_tribe_ticket_header":"","_tribe_default_ticket_provider":"","_tribe_ticket_capacity":"0","_ticket_start_date":"","_ticket_end_date":"","_tribe_ticket_show_description":"","_tribe_ticket_show_not_going":false,"_tribe_ticket_use_global_stock":"","_tribe_ticket_global_stock_level":"","_global_stock_mode":"","_global_stock_cap":"","_tribe_rsvp_for_event":"","_tribe_ticket_going_count":"","_tribe_ticket_not_going_count":"","_tribe_tickets_list":"[]","_tribe_ticket_has_attendee_info_fields":false,"footnotes":""},"categories":[23,3],"tags":[],"class_list":["post-7517","post","type-post","status-publish","format-standard","has-post-thumbnail","hentry","category-religion","category-fachunterricht"],"_links":{"self":[{"href":"https:\/\/dossenberger.de\/index.php?rest_route=\/wp\/v2\/posts\/7517","targetHints":{"allow":["GET"]}}],"collection":[{"href":"https:\/\/dossenberger.de\/index.php?rest_route=\/wp\/v2\/posts"}],"about":[{"href":"https:\/\/dossenberger.de\/index.php?rest_route=\/wp\/v2\/types\/post"}],"author":[{"embeddable":true,"href":"https:\/\/dossenberger.de\/index.php?rest_route=\/wp\/v2\/users\/2"}],"replies":[{"embeddable":true,"href":"https:\/\/dossenberger.de\/index.php?rest_route=%2Fwp%2Fv2%2Fcomments&post=7517"}],"version-history":[{"count":3,"href":"https:\/\/dossenberger.de\/index.php?rest_route=\/wp\/v2\/posts\/7517\/revisions"}],"predecessor-version":[{"id":7524,"href":"https:\/\/dossenberger.de\/index.php?rest_route=\/wp\/v2\/posts\/7517\/revisions\/7524"}],"wp:featuredmedia":[{"embeddable":true,"href":"https:\/\/dossenberger.de\/index.php?rest_route=\/wp\/v2\/media\/7518"}],"wp:attachment":[{"href":"https:\/\/dossenberger.de\/index.php?rest_route=%2Fwp%2Fv2%2Fmedia&parent=7517"}],"wp:term":[{"taxonomy":"category","embeddable":true,"href":"https:\/\/dossenberger.de\/index.php?rest_route=%2Fwp%2Fv2%2Fcategories&post=7517"},{"taxonomy":"post_tag","embeddable":true,"href":"https:\/\/dossenberger.de\/index.php?rest_route=%2Fwp%2Fv2%2Ftags&post=7517"}],"curies":[{"name":"wp","href":"https:\/\/api.w.org\/{rel}","templated":true}]}}