{"id":8118,"date":"2019-10-17T13:27:38","date_gmt":"2019-10-17T11:27:38","guid":{"rendered":"https:\/\/dossenberger.de\/?p=8118"},"modified":"2020-03-08T07:34:47","modified_gmt":"2020-03-08T06:34:47","slug":"die-europaurkunde-fuer-das-dgg","status":"publish","type":"post","link":"https:\/\/dossenberger.de\/?p=8118","title":{"rendered":"Die Europaurkunde f\u00fcr das DGG"},"content":{"rendered":"\n<p>Der 7. Oktober 2019 war ein gro\u00dfartiger Tag f\u00fcr unsere Schule, die sich seit Jahren f\u00fcr Europa engagiert: Ein Comenius Projekt in 2013, zwei Erasmus+ Projekte seit 2016, ein laufendes Projekt mit Lehrerfortbildungen in der EU, P-Seminare mit Europa-Bezug und viele Austauschprogramme mit Partnerschulen in England, Frankreich, Tschechien, Ungarn, Spanien und Italien. Diese Urkunde stellt eine gro\u00dfe Ehrung und Anerkennung dar!<br>Die offizielle Verleihung fand in der Allerheiligen-Hofkirche in der M\u00fcnchener Residenz statt. Wir waren von dem festlichen Rahmen und der wunderbaren Akustik begeistert. Zw\u00f6lf Sch\u00fclerinnen und Sch\u00fcler aus den Jahrgangsstufen 9, 10 und 12, die auch an den Erasmus+ Projekten beteiligt sind\/waren, hatten f\u00fcr den Festakt eine tolle Einlage mit Theater-Charakter vorbereitet: Sie unterhielten sich \u00fcber unseren Besuch im EU Parlament in Stra\u00dfburg, \u00fcber die Fl\u00fcchtlingskrise und \u00fcber den Umweltschutz im Rahmen der Fridays for Future in G\u00fcnzburg. Der gemeinsame Tanz am Schluss mit dem Lied \u201eOn trace\u201c von der franz\u00f6sischen Gruppe Les enfoir\u00e9s im Hintergrund war ein Highlight! Wir bedanken uns sehr bei allen Beteiligten und m\u00f6chten unseren Sch\u00fclern sagen, dass wir sehr stolz auf sie sind!!! Es lebe Europa!<\/p>\n<p><em>C. Wecker<\/em><\/p>\n<p><img loading=\"lazy\" decoding=\"async\" class=\"aligncenter size-full wp-image-8120\" src=\"https:\/\/dossenberger.de\/wp-content\/uploads\/2019\/10\/europa2.jpg\" alt=\"\" width=\"640\" height=\"360\" srcset=\"https:\/\/dossenberger.de\/wp-content\/uploads\/2019\/10\/europa2.jpg 640w, https:\/\/dossenberger.de\/wp-content\/uploads\/2019\/10\/europa2-300x169.jpg 300w\" sizes=\"auto, (max-width: 640px) 100vw, 640px\" \/><\/p>\n<p><img loading=\"lazy\" decoding=\"async\" class=\"aligncenter size-full wp-image-8121\" src=\"https:\/\/dossenberger.de\/wp-content\/uploads\/2019\/10\/europa3.jpg\" alt=\"\" width=\"640\" height=\"438\" srcset=\"https:\/\/dossenberger.de\/wp-content\/uploads\/2019\/10\/europa3.jpg 640w, https:\/\/dossenberger.de\/wp-content\/uploads\/2019\/10\/europa3-300x205.jpg 300w, https:\/\/dossenberger.de\/wp-content\/uploads\/2019\/10\/europa3-130x90.jpg 130w\" sizes=\"auto, (max-width: 640px) 100vw, 640px\" \/><\/p>\n<p>&nbsp;<\/p>\n<p><strong>Europaminister Dr. Florian Herrmann und Kultusminister Michael Piazolo<\/strong> haben am 7. Oktober 2019 in M\u00fcnchen sieben bayerische Schulen aus allen Regierungsbezirken mit der Europa-Urkunde 2019 ausgezeichnet. Europaminister Dr. Herrmann w\u00fcrdigte beim Festakt in der Allerheiligenhofkirche der M\u00fcnchner Residenz das Engagement der ausgezeichneten Schulen. <strong>Staatsminister Herrmann:<\/strong> \u201eHerzlichen Gl\u00fcckwunsch an die heutigen Preistr\u00e4ger! Sie stehen stellvertretend f\u00fcr die vielen jungen Menschen in Bayern, denen Europa und die europ\u00e4ischen Werte sehr am Herzen liegen. Ihr Einsatz f\u00fcr ein lebendiges Miteinander \u00fcber L\u00e4ndergrenzen hinweg ist gro\u00dfartig &#8211; sie sind ausgezeichnete Botschafter Bayerns in der Welt! Ich w\u00fcnsche mir, dass Europa sich bei seinem Weg in die Zukunft zahlreich auf so engagierte, interessierte und kluge Europ\u00e4erinnen und Europ\u00e4er wie die Preistr\u00e4gerinnen und Preistr\u00e4ger verlassen kann.\u201c<\/p>\n<p><strong>Kultusminister Michael Piazolo:<\/strong> \u201eEuropa steht f\u00fcr Demokratie, Frieden, Freiheit, Toleranz, Solidarit\u00e4t und Respekt. Europa vereint Menschen in Gemeinschaft und Freundschaft \u00fcber Grenzen hinweg. Mit zahlreichen europ\u00e4ischen Projekten und Aktivit\u00e4ten sind die ausgezeichneten Schulen ein nachahmenswertes Beispiel f\u00fcr alle, das europ\u00e4ische Miteinander im Alltag zu leben. Sie st\u00e4rken das europ\u00e4ische Bewusstsein ihrer Sch\u00fclerinnen und Sch\u00fcler und er\u00f6ffnen ihnen einen Horizont, mit dem sie f\u00fcr das Leben in einer immer enger international vernetzten Welt hervorragend ger\u00fcstet sind. Ich danke den Lehrkr\u00e4ften und den Sch\u00fclerinnen und Sch\u00fclern f\u00fcr ihr herausragendes Engagement.\u201c<\/p>\n<p><em>(Aus der Pressemitteilung der Bayerischen Staatskanzlei)<\/em><\/p>\n<p><img loading=\"lazy\" decoding=\"async\" class=\"aligncenter size-full wp-image-8122\" src=\"https:\/\/dossenberger.de\/wp-content\/uploads\/2019\/10\/europa1.jpg\" alt=\"\" width=\"640\" height=\"442\" srcset=\"https:\/\/dossenberger.de\/wp-content\/uploads\/2019\/10\/europa1.jpg 640w, https:\/\/dossenberger.de\/wp-content\/uploads\/2019\/10\/europa1-300x207.jpg 300w, https:\/\/dossenberger.de\/wp-content\/uploads\/2019\/10\/europa1-392x272.jpg 392w, https:\/\/dossenberger.de\/wp-content\/uploads\/2019\/10\/europa1-130x90.jpg 130w\" sizes=\"auto, (max-width: 640px) 100vw, 640px\" \/><\/p>\n","protected":false},"excerpt":{"rendered":"<p>Der 7. Oktober 2019 war ein gro\u00dfartiger Tag f\u00fcr unsere Schule, die sich seit Jahren f\u00fcr Europa engagiert: Ein Comenius<\/p>\n","protected":false},"author":2,"featured_media":8119,"comment_status":"closed","ping_status":"closed","sticky":false,"template":"","format":"standard","meta":{"colormag_page_container_layout":"default_layout","colormag_page_sidebar_layout":"default_layout","ngg_post_thumbnail":0,"_price":"","_stock":"","_tribe_ticket_header":"","_tribe_default_ticket_provider":"","_tribe_ticket_capacity":"0","_ticket_start_date":"","_ticket_end_date":"","_tribe_ticket_show_description":"","_tribe_ticket_show_not_going":false,"_tribe_ticket_use_global_stock":"","_tribe_ticket_global_stock_level":"","_global_stock_mode":"","_global_stock_cap":"","_tribe_rsvp_for_event":"","_tribe_ticket_going_count":"","_tribe_ticket_not_going_count":"","_tribe_tickets_list":"[]","_tribe_ticket_has_attendee_info_fields":false,"footnotes":""},"categories":[84],"tags":[],"class_list":["post-8118","post","type-post","status-publish","format-standard","has-post-thumbnail","hentry","category-auszeichnungen"],"_links":{"self":[{"href":"https:\/\/dossenberger.de\/index.php?rest_route=\/wp\/v2\/posts\/8118","targetHints":{"allow":["GET"]}}],"collection":[{"href":"https:\/\/dossenberger.de\/index.php?rest_route=\/wp\/v2\/posts"}],"about":[{"href":"https:\/\/dossenberger.de\/index.php?rest_route=\/wp\/v2\/types\/post"}],"author":[{"embeddable":true,"href":"https:\/\/dossenberger.de\/index.php?rest_route=\/wp\/v2\/users\/2"}],"replies":[{"embeddable":true,"href":"https:\/\/dossenberger.de\/index.php?rest_route=%2Fwp%2Fv2%2Fcomments&post=8118"}],"version-history":[{"count":2,"href":"https:\/\/dossenberger.de\/index.php?rest_route=\/wp\/v2\/posts\/8118\/revisions"}],"predecessor-version":[{"id":8124,"href":"https:\/\/dossenberger.de\/index.php?rest_route=\/wp\/v2\/posts\/8118\/revisions\/8124"}],"wp:featuredmedia":[{"embeddable":true,"href":"https:\/\/dossenberger.de\/index.php?rest_route=\/wp\/v2\/media\/8119"}],"wp:attachment":[{"href":"https:\/\/dossenberger.de\/index.php?rest_route=%2Fwp%2Fv2%2Fmedia&parent=8118"}],"wp:term":[{"taxonomy":"category","embeddable":true,"href":"https:\/\/dossenberger.de\/index.php?rest_route=%2Fwp%2Fv2%2Fcategories&post=8118"},{"taxonomy":"post_tag","embeddable":true,"href":"https:\/\/dossenberger.de\/index.php?rest_route=%2Fwp%2Fv2%2Ftags&post=8118"}],"curies":[{"name":"wp","href":"https:\/\/api.w.org\/{rel}","templated":true}]}}