{"id":8165,"date":"2019-10-20T07:48:44","date_gmt":"2019-10-20T05:48:44","guid":{"rendered":"https:\/\/dossenberger.de\/?p=8165"},"modified":"2019-10-20T07:48:45","modified_gmt":"2019-10-20T05:48:45","slug":"juniorbegabtenkreis-bei-ringvorlesung-an-der-uni-ulm","status":"publish","type":"post","link":"https:\/\/dossenberger.de\/?p=8165","title":{"rendered":"Juniorbegabtenkreis bei Ringvorlesung an der Uni Ulm"},"content":{"rendered":"\n<p>Klimawandel \u2013 eine Spurensuche mit m\u00f6glichen Auswegen, so lautete der Titel der besuchten Vorlesung an der Universit\u00e4t Ulm. Die Vorlesung ist Teil der Ringvorlesungen im Rahmen der Ulmer 3-Generationen \u2013Uni. <br>Prof. Dr. Michael K\u00fchl und PD Dr. Susanne K\u00fchl erl\u00e4uterten in ihrem Vortrag die Ursachen und die Folgen des Klimawandels auf sehr anschauliche Weise. Zugleich beleuchteten sie die Frage, was jeder Einzelne beitragen kann um die globale Erderw\u00e4rmung auf 1,5 Grad zu begrenzen. \u00c4u\u00dferst \u00fcberzeugend informierten sie die Zuh\u00f6rer auch, welche Konsequenzen unser Lifestyle (Urlaub und Mobilit\u00e4t, Verwendung sozialer Netzwerke, zunehmende Nutzung von Streamingangeboten, \u2026) auf das Klima hat.<\/p>\n<p>Der Juniorbegabtenkreis und mehrere UmweltFairtreter der 5. Klassen waren nicht nur beeindruckt von der Vorlesung, auch die Atmosph\u00e4re der Universit\u00e4t und das Erleben einer Vorlesung in einem H\u00f6rsaal einer Universit\u00e4t, dessen 210 Pl\u00e4tze nicht ausreichten um allen Besuchern Platz zu bieten, beeindruckten alle Beteiligten.<\/p>\n","protected":false},"excerpt":{"rendered":"<p>Klimawandel \u2013 eine Spurensuche mit m\u00f6glichen Auswegen, so lautete der Titel der besuchten Vorlesung an der Universit\u00e4t Ulm. Die Vorlesung<\/p>\n","protected":false},"author":2,"featured_media":8166,"comment_status":"closed","ping_status":"closed","sticky":false,"template":"","format":"standard","meta":{"colormag_page_container_layout":"default_layout","colormag_page_sidebar_layout":"default_layout","ngg_post_thumbnail":0,"_price":"","_stock":"","_tribe_ticket_header":"","_tribe_default_ticket_provider":"","_tribe_ticket_capacity":"0","_ticket_start_date":"","_ticket_end_date":"","_tribe_ticket_show_description":"","_tribe_ticket_show_not_going":false,"_tribe_ticket_use_global_stock":"","_tribe_ticket_global_stock_level":"","_global_stock_mode":"","_global_stock_cap":"","_tribe_rsvp_for_event":"","_tribe_ticket_going_count":"","_tribe_ticket_not_going_count":"","_tribe_tickets_list":"[]","_tribe_ticket_has_attendee_info_fields":false,"footnotes":""},"categories":[80,3],"tags":[],"class_list":["post-8165","post","type-post","status-publish","format-standard","has-post-thumbnail","hentry","category-begabtenkreis","category-fachunterricht"],"_links":{"self":[{"href":"https:\/\/dossenberger.de\/index.php?rest_route=\/wp\/v2\/posts\/8165","targetHints":{"allow":["GET"]}}],"collection":[{"href":"https:\/\/dossenberger.de\/index.php?rest_route=\/wp\/v2\/posts"}],"about":[{"href":"https:\/\/dossenberger.de\/index.php?rest_route=\/wp\/v2\/types\/post"}],"author":[{"embeddable":true,"href":"https:\/\/dossenberger.de\/index.php?rest_route=\/wp\/v2\/users\/2"}],"replies":[{"embeddable":true,"href":"https:\/\/dossenberger.de\/index.php?rest_route=%2Fwp%2Fv2%2Fcomments&post=8165"}],"version-history":[{"count":1,"href":"https:\/\/dossenberger.de\/index.php?rest_route=\/wp\/v2\/posts\/8165\/revisions"}],"predecessor-version":[{"id":8167,"href":"https:\/\/dossenberger.de\/index.php?rest_route=\/wp\/v2\/posts\/8165\/revisions\/8167"}],"wp:featuredmedia":[{"embeddable":true,"href":"https:\/\/dossenberger.de\/index.php?rest_route=\/wp\/v2\/media\/8166"}],"wp:attachment":[{"href":"https:\/\/dossenberger.de\/index.php?rest_route=%2Fwp%2Fv2%2Fmedia&parent=8165"}],"wp:term":[{"taxonomy":"category","embeddable":true,"href":"https:\/\/dossenberger.de\/index.php?rest_route=%2Fwp%2Fv2%2Fcategories&post=8165"},{"taxonomy":"post_tag","embeddable":true,"href":"https:\/\/dossenberger.de\/index.php?rest_route=%2Fwp%2Fv2%2Ftags&post=8165"}],"curies":[{"name":"wp","href":"https:\/\/api.w.org\/{rel}","templated":true}]}}