{"id":8582,"date":"2020-02-04T16:23:51","date_gmt":"2020-02-04T15:23:51","guid":{"rendered":"https:\/\/dossenberger.de\/?p=8582"},"modified":"2020-02-04T16:23:52","modified_gmt":"2020-02-04T15:23:52","slug":"informatik-biber-2019","status":"publish","type":"post","link":"https:\/\/dossenberger.de\/?p=8582","title":{"rendered":"Informatik-Biber 2019"},"content":{"rendered":"\n<p>Bei seiner j\u00fcngsten Ausgabe verzeichnete der Online-Wettbewerb einen neuen Rekord: 401.737 Sch\u00fclerinnen und Sch\u00fcler haben bei Deutschlands gr\u00f6\u00dftem Informatik-Sch\u00fclerwettbewerb 2019 teilgenommen! So viele wie nie zuvor. Dank der hohen Teilnehmerzahl ist der Informatik-Biber das Projekt mit der gr\u00f6\u00dften Reichweite im Bereich der Digitalen Bildung in Deutschland.<\/p>\n<p><img loading=\"lazy\" decoding=\"async\" class=\"aligncenter  wp-image-8584\" src=\"https:\/\/dossenberger.de\/wp-content\/uploads\/2020\/02\/plakat.jpg\" alt=\"\" width=\"290\" height=\"409\" srcset=\"https:\/\/dossenberger.de\/wp-content\/uploads\/2020\/02\/plakat.jpg 454w, https:\/\/dossenberger.de\/wp-content\/uploads\/2020\/02\/plakat-213x300.jpg 213w\" sizes=\"auto, (max-width: 290px) 100vw, 290px\" \/><\/p>\n<p>Der Biber &#8230;<\/p>\n<ul>\n<li>f\u00f6rdert das digitale Denken mit lebensnahen Fragestellungen.<\/li>\n<li>Dabei setzen sich Sch\u00fclerinnen und Sch\u00fcler mit altersgerechten informatischen Aufgaben auseinander &#8211; spielerisch und wie selbstverst\u00e4ndlich.<\/li>\n<li>Der Wettbewerb weckt Interesse an Informatik, ohne dass die TeilnehmerInnen oder Lehrkr\u00e4fte Vorkenntnisse haben m\u00fcssen.<\/li>\n<\/ul>\n<p>Vom Dossenberger-Gymnasium G\u00fcnzburg konnte sich Max Jost (Klasse 7a) in die Reihe der Preistr\u00e4ger einreihen. Herzlichen Gl\u00fcckwunsch hierzu!<\/p>\n<p><em>Schmid (Informatik-Biber-Koordinater)<\/em><\/p>\n","protected":false},"excerpt":{"rendered":"<p>Bei seiner j\u00fcngsten Ausgabe verzeichnete der Online-Wettbewerb einen neuen Rekord: 401.737 Sch\u00fclerinnen und Sch\u00fcler haben bei Deutschlands gr\u00f6\u00dftem Informatik-Sch\u00fclerwettbewerb 2019<\/p>\n","protected":false},"author":2,"featured_media":8583,"comment_status":"closed","ping_status":"closed","sticky":false,"template":"","format":"standard","meta":{"colormag_page_container_layout":"default_layout","colormag_page_sidebar_layout":"default_layout","ngg_post_thumbnail":0,"_price":"","_stock":"","_tribe_ticket_header":"","_tribe_default_ticket_provider":"","_tribe_ticket_capacity":"0","_ticket_start_date":"","_ticket_end_date":"","_tribe_ticket_show_description":"","_tribe_ticket_show_not_going":false,"_tribe_ticket_use_global_stock":"","_tribe_ticket_global_stock_level":"","_global_stock_mode":"","_global_stock_cap":"","_tribe_rsvp_for_event":"","_tribe_ticket_going_count":"","_tribe_ticket_not_going_count":"","_tribe_tickets_list":"[]","_tribe_ticket_has_attendee_info_fields":false,"footnotes":""},"categories":[13,3],"tags":[],"class_list":["post-8582","post","type-post","status-publish","format-standard","has-post-thumbnail","hentry","category-informatik","category-fachunterricht"],"_links":{"self":[{"href":"https:\/\/dossenberger.de\/index.php?rest_route=\/wp\/v2\/posts\/8582","targetHints":{"allow":["GET"]}}],"collection":[{"href":"https:\/\/dossenberger.de\/index.php?rest_route=\/wp\/v2\/posts"}],"about":[{"href":"https:\/\/dossenberger.de\/index.php?rest_route=\/wp\/v2\/types\/post"}],"author":[{"embeddable":true,"href":"https:\/\/dossenberger.de\/index.php?rest_route=\/wp\/v2\/users\/2"}],"replies":[{"embeddable":true,"href":"https:\/\/dossenberger.de\/index.php?rest_route=%2Fwp%2Fv2%2Fcomments&post=8582"}],"version-history":[{"count":1,"href":"https:\/\/dossenberger.de\/index.php?rest_route=\/wp\/v2\/posts\/8582\/revisions"}],"predecessor-version":[{"id":8585,"href":"https:\/\/dossenberger.de\/index.php?rest_route=\/wp\/v2\/posts\/8582\/revisions\/8585"}],"wp:featuredmedia":[{"embeddable":true,"href":"https:\/\/dossenberger.de\/index.php?rest_route=\/wp\/v2\/media\/8583"}],"wp:attachment":[{"href":"https:\/\/dossenberger.de\/index.php?rest_route=%2Fwp%2Fv2%2Fmedia&parent=8582"}],"wp:term":[{"taxonomy":"category","embeddable":true,"href":"https:\/\/dossenberger.de\/index.php?rest_route=%2Fwp%2Fv2%2Fcategories&post=8582"},{"taxonomy":"post_tag","embeddable":true,"href":"https:\/\/dossenberger.de\/index.php?rest_route=%2Fwp%2Fv2%2Ftags&post=8582"}],"curies":[{"name":"wp","href":"https:\/\/api.w.org\/{rel}","templated":true}]}}