{"id":9015,"date":"2025-07-14T17:45:00","date_gmt":"2025-07-14T15:45:00","guid":{"rendered":"https:\/\/dossenberger.de\/?p=9015"},"modified":"2026-01-28T08:46:39","modified_gmt":"2026-01-28T07:46:39","slug":"umweltklasse-2023-2024","status":"publish","type":"post","link":"https:\/\/dossenberger.de\/?p=9015","title":{"rendered":"Umweltklasse 2025\/2026"},"content":{"rendered":"\n<h4>&nbsp;<\/h4>\n<h4><strong><span style=\"color: #339966;\">Was ist eine Umweltklasse?<\/span><\/strong><\/h4>\n<p>Eine Umweltklasse ist eine ganz normale 5. Klasse mit einem st\u00e4rker an Umwelt und Natur orientierten Biologie- und Kunstunterricht sowie einer Zusatzstunde Umwelt. Als Schwerpunkt in allen F\u00e4chern gibt es immer wieder aktuelle Umweltthemen.<\/p>\n<p>&nbsp;<\/p>\n<h4><strong><span style=\"color: #339966;\">Warum eine Umweltklasse einrichten?<\/span><\/strong><\/h4>\n<p>Arbeiten und Erleben in der Natur f\u00f6rdert die gesunde Entwicklung unserer Kinder.<br>Die theoretischen Inhalte des Lehrplans werden durch das praktische Arbeiten z. B. im Schulgarten und der nahen Umwelt erlebt, erfahren und verstanden.<br>In der heutigen Zeit m\u00fcssen neben bekannten Werten wieder mehr Bereiche der Umwelterziehung vermittelt werden. Deshalb haben wir am Dossenberger-Gymnasium die Umweltbildung auch im Schulprofil verankert. Eine Umweltklasse ist nur ein weiterer Schritt auf unserem Weg einer Umweltschule.<\/p>\n<p>&nbsp;<\/p>\n<h4><strong><span style=\"color: #339966;\">Wie profitiert ihr Kind von einer Umweltklasse?<\/span><\/strong><\/h4>\n<ul>\n<li>Fach\u00fcbergreifende Inhalte in vielen F\u00e4chern<\/li>\n<li>interessante angepasste Lerninhalte in den F\u00e4chern D, B, E, Ku, Umwelt<\/li>\n<li>F\u00f6rderung von Teamf\u00e4higkeit und Sozialkompetenz durch gemeinsame Projekte<\/li>\n<li>k\u00f6rperliche Arbeit als Ausgleich zum Schulalltag<\/li>\n<li>Ausfl\u00fcge, Wander- und Projekttage zum Thema Umwelt\/Natur<\/li>\n<li>\u00dcbernahme von Verantwortung f\u00fcr Flora und Fauna<\/li>\n<li>1 gemeinsame Mittagspause, die zum Kochen, Essen und Reden genutzt wird<\/li>\n<li>Erweiterung des Allgemeinwissens in unterschiedlichsten Bereichen<\/li>\n<\/ul>\n<p><img loading=\"lazy\" decoding=\"async\" class=\"aligncenter size-full wp-image-9017\" src=\"https:\/\/dossenberger.de\/wp-content\/uploads\/2020\/04\/ums2.jpg\" alt=\"\" width=\"640\" height=\"360\" srcset=\"https:\/\/dossenberger.de\/wp-content\/uploads\/2020\/04\/ums2.jpg 640w, https:\/\/dossenberger.de\/wp-content\/uploads\/2020\/04\/ums2-300x169.jpg 300w\" sizes=\"auto, (max-width: 640px) 100vw, 640px\" \/><\/p>\n<h4>&nbsp;<\/h4>\n<h4><strong><span style=\"color: #339966;\">Was erwartet Ihr Kind in der Umweltklasse?<\/span><\/strong><\/h4>\n<ul>\n<li>zahlreiche Projekte mit dem Jahresverlauf<\/li>\n<li>Organisation einer Pflanzenb\u00f6rse mit Einsatz als Gartenexperten<\/li>\n<li>Vorhaben von Gro\u00dfprojekten wie z.B. Bau einer Gartenh\u00fctte, gro\u00dfes Blumenbeet, Baumpflanzaktion, etc.<\/li>\n<li>Mitgestalten unserer neuen Schulau\u00dfenanlagen<\/li>\n<li>Erkundungen und Ausfl\u00fcge in die n\u00e4here Umgebung<\/li>\n<li>Zubereitung saisonaler K\u00f6stlichkeiten<\/li>\n<li>Agendaprojekte mit unserer Umweltbeauftragten<\/li>\n<li>j\u00e4hrlich neue Anlage der Schulbeete\/Blumenbeete<\/li>\n<li>aktuelle Unterrichtinhalte (Tagesgeschehen) UND, UND, UND!<\/li>\n<\/ul>\n<p><img loading=\"lazy\" decoding=\"async\" class=\"aligncenter size-full wp-image-9016\" src=\"https:\/\/dossenberger.de\/wp-content\/uploads\/2020\/04\/ums1.jpg\" alt=\"\" width=\"640\" height=\"360\" srcset=\"https:\/\/dossenberger.de\/wp-content\/uploads\/2020\/04\/ums1.jpg 640w, https:\/\/dossenberger.de\/wp-content\/uploads\/2020\/04\/ums1-300x169.jpg 300w\" sizes=\"auto, (max-width: 640px) 100vw, 640px\" \/><\/p>\n<h4>&nbsp;<\/h4>\n<h4><strong><span style=\"color: #339966;\">Welches Kind ist f\u00fcr die Umweltklasse geeignet?<\/span><\/strong><\/h4>\n<ul>\n<li>jedes Kind, das Spa\u00df an der Natur und Freude an Projektarbeit hat<\/li>\n<li>jedes Kind, das gerne auch etwas mehr Zeit mit seinen Mitsch\u00fclern verbringen mag<\/li>\n<li>Es werden keinerlei Vorkenntnisse im Bereich Pflanzenkunde oder Gartenarbeit erwartet.<\/li>\n<li>Es entstehen keinerlei zus\u00e4tzliche Kosten f\u00fcr das Fach Umwelt. Lediglich das gemeinsame Mittagessen muss bezahlt werden.<\/li>\n<\/ul>\n<h4>&nbsp;<\/h4>\n<h4><strong><span style=\"color: #339966;\">Formales<\/span><\/strong><\/h4>\n<p>Die Umweltklasse verl\u00e4uft \u00fcber zwei Schuljahre hinweg, d.h. bis zum Ende der 6. Klasse verpflichtend. <br>Die Anmeldung erfolgt bei der Schuleinschreibung im Mai. Dazu bringen Sie bitte das von Ihrem Kind handausgef\u00fcllte <a href=\"https:\/\/dossenberger.de?download=9012\" target=\"_blank\" rel=\"noopener noreferrer\" data-wplink-url-error=\"true\">Bewerbungsblatt<\/a> mit, das Sie auf der Homepage finden.<\/p>\n<p><img loading=\"lazy\" decoding=\"async\" class=\"aligncenter size-full wp-image-9020\" src=\"https:\/\/dossenberger.de\/wp-content\/uploads\/2020\/04\/ums3-1.jpg\" alt=\"\" width=\"640\" height=\"427\" srcset=\"https:\/\/dossenberger.de\/wp-content\/uploads\/2020\/04\/ums3-1.jpg 640w, https:\/\/dossenberger.de\/wp-content\/uploads\/2020\/04\/ums3-1-300x200.jpg 300w\" sizes=\"auto, (max-width: 640px) 100vw, 640px\" \/><\/p>\n<p>&nbsp;<\/p>\n<p><a href=\"https:\/\/dossenberger.de\/?page_id=324\">Informationen zum Dossenberger-Gymnasium als Umweltschule &#8230;<\/a><\/p>\n<p><a href=\"https:\/\/dossenberger.de\/?p=9821\">Ausf\u00fchrliche Informationen zum \u00dcbertritt &#8230;<\/a><\/p>\n","protected":false},"excerpt":{"rendered":"<p>&nbsp; Was ist eine Umweltklasse? Eine Umweltklasse ist eine ganz normale 5. Klasse mit einem st\u00e4rker an Umwelt und Natur<\/p>\n","protected":false},"author":2,"featured_media":9018,"comment_status":"closed","ping_status":"closed","sticky":false,"template":"","format":"standard","meta":{"colormag_page_container_layout":"default_layout","colormag_page_sidebar_layout":"default_layout","ngg_post_thumbnail":0,"_price":"","_stock":"","_tribe_ticket_header":"","_tribe_default_ticket_provider":"","_tribe_ticket_capacity":"0","_ticket_start_date":"","_ticket_end_date":"","_tribe_ticket_show_description":"","_tribe_ticket_show_not_going":false,"_tribe_ticket_use_global_stock":"","_tribe_ticket_global_stock_level":"","_global_stock_mode":"","_global_stock_cap":"","_tribe_rsvp_for_event":"","_tribe_ticket_going_count":"","_tribe_ticket_not_going_count":"","_tribe_tickets_list":"[]","_tribe_ticket_has_attendee_info_fields":false,"footnotes":""},"categories":[76,32],"tags":[],"class_list":["post-9015","post","type-post","status-publish","format-standard","has-post-thumbnail","hentry","category-top4","category-umwelt"],"_links":{"self":[{"href":"https:\/\/dossenberger.de\/index.php?rest_route=\/wp\/v2\/posts\/9015","targetHints":{"allow":["GET"]}}],"collection":[{"href":"https:\/\/dossenberger.de\/index.php?rest_route=\/wp\/v2\/posts"}],"about":[{"href":"https:\/\/dossenberger.de\/index.php?rest_route=\/wp\/v2\/types\/post"}],"author":[{"embeddable":true,"href":"https:\/\/dossenberger.de\/index.php?rest_route=\/wp\/v2\/users\/2"}],"replies":[{"embeddable":true,"href":"https:\/\/dossenberger.de\/index.php?rest_route=%2Fwp%2Fv2%2Fcomments&post=9015"}],"version-history":[{"count":14,"href":"https:\/\/dossenberger.de\/index.php?rest_route=\/wp\/v2\/posts\/9015\/revisions"}],"predecessor-version":[{"id":14632,"href":"https:\/\/dossenberger.de\/index.php?rest_route=\/wp\/v2\/posts\/9015\/revisions\/14632"}],"wp:featuredmedia":[{"embeddable":true,"href":"https:\/\/dossenberger.de\/index.php?rest_route=\/wp\/v2\/media\/9018"}],"wp:attachment":[{"href":"https:\/\/dossenberger.de\/index.php?rest_route=%2Fwp%2Fv2%2Fmedia&parent=9015"}],"wp:term":[{"taxonomy":"category","embeddable":true,"href":"https:\/\/dossenberger.de\/index.php?rest_route=%2Fwp%2Fv2%2Fcategories&post=9015"},{"taxonomy":"post_tag","embeddable":true,"href":"https:\/\/dossenberger.de\/index.php?rest_route=%2Fwp%2Fv2%2Ftags&post=9015"}],"curies":[{"name":"wp","href":"https:\/\/api.w.org\/{rel}","templated":true}]}}