{"id":9687,"date":"2020-11-16T20:09:19","date_gmt":"2020-11-16T19:09:19","guid":{"rendered":"https:\/\/dossenberger.de\/?p=9687"},"modified":"2020-11-16T20:09:20","modified_gmt":"2020-11-16T19:09:20","slug":"klimawandel-vor-der-schultuere","status":"publish","type":"post","link":"https:\/\/dossenberger.de\/?p=9687","title":{"rendered":"Klimawandel vor der Schult\u00fcre"},"content":{"rendered":"\n<p>Klimawandel \u2013 klar wissen wir alle, was das ist: Die Eisb\u00e4ren werden heimatlos, weil ihre Eisschollen schmelzen. Und wir? Das ist schon schwerer zu beantworten.<\/p>\n<p>Gemeinsam mit Frau Rembold und unserer Umweltreferentin Jutta Reiter machen wir (die Umweltklasse) uns auf den Weg, um den Klimawandel in n\u00e4chster N\u00e4he zu untersuchen. Dazu gilt es zuerst, wichtige Begriffe wie Klima, Klimazone, Emissionen, aber auch oft geh\u00f6rte schwere W\u00f6rter wie Kyotoprotokoll oder UN-Klimarat zu kl\u00e4ren. K\u00f6nnt ihr das? Wir fanden das ganz sch\u00f6n schwierig.<\/p>\n<p><img loading=\"lazy\" decoding=\"async\" class=\"aligncenter size-full wp-image-9689\" src=\"https:\/\/dossenberger.de\/wp-content\/uploads\/2020\/11\/klima2.jpg\" alt=\"\" width=\"640\" height=\"480\" srcset=\"https:\/\/dossenberger.de\/wp-content\/uploads\/2020\/11\/klima2.jpg 640w, https:\/\/dossenberger.de\/wp-content\/uploads\/2020\/11\/klima2-300x225.jpg 300w\" sizes=\"auto, (max-width: 640px) 100vw, 640px\" \/><\/p>\n<p>Im Birketwald suchen wir dann Spuren, die auf den Klimawandel zur\u00fcckzuf\u00fchren sind. Wir entdecken leider viele vertrocknete B\u00e4ume und Spuren des Borkenk\u00e4fers aber auch ganz viele tolle Tierspuren, und wunderbare Natur. Von Jutta erfahren wir, dass viele unserer Pflanzen und Tiere schon jetzt sehr unter dem Klimawandel leiden, obwohl wir das nicht direkt sehen k\u00f6nnen. Wisst ihr zum Beispiel, dass der Kuckuck kaum noch Nester findet um seine Eier abzulegen? Wenn er n\u00e4mlich aus dem S\u00fcden zur\u00fcckkommt, braucht er ein leeres Nest, damit die Vogeleltern seinen Schummel nicht bemerken. Und nun kommt er und es schauen schon kleine V\u00f6gelchen aus dem Nest, die sagen \u201ewir sind schon da\u201c. Das liegt daran, dass es viel fr\u00fcher warm wird in Deutschland und die V\u00f6gel deshalb fr\u00fcher zu br\u00fcten beginnen.<\/p>\n<p><img loading=\"lazy\" decoding=\"async\" class=\"aligncenter size-full wp-image-9690\" src=\"https:\/\/dossenberger.de\/wp-content\/uploads\/2020\/11\/klima1.jpg\" alt=\"\" width=\"640\" height=\"480\" srcset=\"https:\/\/dossenberger.de\/wp-content\/uploads\/2020\/11\/klima1.jpg 640w, https:\/\/dossenberger.de\/wp-content\/uploads\/2020\/11\/klima1-300x225.jpg 300w\" sizes=\"auto, (max-width: 640px) 100vw, 640px\" \/><\/p>\n<p>Wir werden auf alle F\u00e4lle nach einer L\u00f6sung suchen, um vor unserer T\u00fcre etwas f\u00fcrs Klima zu tun. Mit unserer regionalen Brotzeit ohne Verpackungsm\u00fcll haben wir einen Anfang gemacht. Demn\u00e4chst machen wir mit B\u00e4ume pflanzen weiter.<\/p>\n","protected":false},"excerpt":{"rendered":"<p>Klimawandel \u2013 klar wissen wir alle, was das ist: Die Eisb\u00e4ren werden heimatlos, weil ihre Eisschollen schmelzen. Und wir? Das<\/p>\n","protected":false},"author":2,"featured_media":9688,"comment_status":"closed","ping_status":"closed","sticky":false,"template":"","format":"standard","meta":{"colormag_page_container_layout":"default_layout","colormag_page_sidebar_layout":"default_layout","ngg_post_thumbnail":0,"_price":"","_stock":"","_tribe_ticket_header":"","_tribe_default_ticket_provider":"","_tribe_ticket_capacity":"0","_ticket_start_date":"","_ticket_end_date":"","_tribe_ticket_show_description":"","_tribe_ticket_show_not_going":false,"_tribe_ticket_use_global_stock":"","_tribe_ticket_global_stock_level":"","_global_stock_mode":"","_global_stock_cap":"","_tribe_rsvp_for_event":"","_tribe_ticket_going_count":"","_tribe_ticket_not_going_count":"","_tribe_tickets_list":"[]","_tribe_ticket_has_attendee_info_fields":false,"footnotes":""},"categories":[32,85,3],"tags":[],"class_list":["post-9687","post","type-post","status-publish","format-standard","has-post-thumbnail","hentry","category-umwelt","category-umweltklasse","category-fachunterricht"],"_links":{"self":[{"href":"https:\/\/dossenberger.de\/index.php?rest_route=\/wp\/v2\/posts\/9687","targetHints":{"allow":["GET"]}}],"collection":[{"href":"https:\/\/dossenberger.de\/index.php?rest_route=\/wp\/v2\/posts"}],"about":[{"href":"https:\/\/dossenberger.de\/index.php?rest_route=\/wp\/v2\/types\/post"}],"author":[{"embeddable":true,"href":"https:\/\/dossenberger.de\/index.php?rest_route=\/wp\/v2\/users\/2"}],"replies":[{"embeddable":true,"href":"https:\/\/dossenberger.de\/index.php?rest_route=%2Fwp%2Fv2%2Fcomments&post=9687"}],"version-history":[{"count":1,"href":"https:\/\/dossenberger.de\/index.php?rest_route=\/wp\/v2\/posts\/9687\/revisions"}],"predecessor-version":[{"id":9691,"href":"https:\/\/dossenberger.de\/index.php?rest_route=\/wp\/v2\/posts\/9687\/revisions\/9691"}],"wp:featuredmedia":[{"embeddable":true,"href":"https:\/\/dossenberger.de\/index.php?rest_route=\/wp\/v2\/media\/9688"}],"wp:attachment":[{"href":"https:\/\/dossenberger.de\/index.php?rest_route=%2Fwp%2Fv2%2Fmedia&parent=9687"}],"wp:term":[{"taxonomy":"category","embeddable":true,"href":"https:\/\/dossenberger.de\/index.php?rest_route=%2Fwp%2Fv2%2Fcategories&post=9687"},{"taxonomy":"post_tag","embeddable":true,"href":"https:\/\/dossenberger.de\/index.php?rest_route=%2Fwp%2Fv2%2Ftags&post=9687"}],"curies":[{"name":"wp","href":"https:\/\/api.w.org\/{rel}","templated":true}]}}