{"id":9866,"date":"2020-12-14T17:06:24","date_gmt":"2020-12-14T16:06:24","guid":{"rendered":"https:\/\/dossenberger.de\/?p=9866"},"modified":"2020-12-14T17:07:29","modified_gmt":"2020-12-14T16:07:29","slug":"lesen-ist-kino-im-kopf","status":"publish","type":"post","link":"https:\/\/dossenberger.de\/?p=9866","title":{"rendered":"Lesen ist Kino im Kopf"},"content":{"rendered":"\n<p>So lautet das Motto des von der Stiftung Buchkultur und Lesef\u00f6rderung des B\u00f6rsenvereins des Deutschen Buchhandels veranstalteten Vorlesewettbewerbs, der in Zusammenarbeit mit Buchhandlungen, Bibliotheken, Schulen und kulturellen Einrichtungen veranstaltet wird und zu den gr\u00f6\u00dften bundesweiten Sch\u00fclerwettbewerben z\u00e4hlt. Er startet jeweils im Oktober an den Schulen und verl\u00e4uft \u00fcber mehrere regionale und l\u00e4nderweite Etappen bis zum Bundesfinale im Juni.<\/p>\n<p>Mitmachen k\u00f6nnen alle sechsten Schulklassen. Wer gerne liest und Spa\u00df an B\u00fcchern hat, ist eingeladen, sein Lieblingsbuch vorzustellen und eine kurze Passage daraus vorzulesen.<\/p>\n<p>Am 9. Dezember war es nun am Dossenberger-Gymnasium soweit: vier Sch\u00fcler\/innen der Klassen 6 a, b, c und d traten im Schulentscheid gegeneinander an und lasen zuerst aus ihrem Lieblingsbuch vor und anschlie\u00dfend eine Passage aus einem ihnen unbekannten Buch. Aufgrund des aktuell geltenden Rahmenhygieneplans geschah dies in anderer Form als gew\u00f6hnlich. Nur die Teilnehmer und die Jury befanden sich im Raum der Lernlandschaft, w\u00e4hrend das Geschehen von dort digital in die Klassenzimmer der 6. Klassen \u00fcbertragen wurde. So konnten die Mitsch\u00fcler\/innen wenigstens von dort ihre jeweiligen Klassenchampions anfeuern und unterst\u00fctzen.<\/p>\n<p>Diese machten der sechsk\u00f6pfigen Jury &#8211; bestehend aus den Deutschlehrkr\u00e4ften Frau K\u00e4ufler, Frau Kugelmeier, Frau Ruess und Herrn Stelzer, dem Direktor Herrn Lang und der Vorjahressiegerin Emma Stadelmann &#8211; die Entscheidung nicht leicht, doch am Ende gewann Martha K\u00f6nig aus der Klasse 6d, welche aus dem Buch \u201eSonntagskind\u201c von Gudrun Mebs vorgelesen hatte.<\/p>\n<p><img loading=\"lazy\" decoding=\"async\" class=\"aligncenter size-full wp-image-9870\" src=\"https:\/\/dossenberger.de\/wp-content\/uploads\/2020\/12\/schulsiegerin-1.jpg\" alt=\"\" width=\"427\" height=\"461\" srcset=\"https:\/\/dossenberger.de\/wp-content\/uploads\/2020\/12\/schulsiegerin-1.jpg 427w, https:\/\/dossenberger.de\/wp-content\/uploads\/2020\/12\/schulsiegerin-1-278x300.jpg 278w\" sizes=\"auto, (max-width: 427px) 100vw, 427px\" \/><\/p>\n<p>Nach der Meldung der Schulsiegerin warten wir nun auf die Regionalrunden, welche zwischen Ende Januar und Ende Februar 2021 stattfinden werden. <br>Mit ihrer Begeisterung f\u00fcrs Vorlesen trugen die Kinder den Zauber von Geschichten weiter und machten deutlich, dass lesen nicht nur \u201eKino im Kopf\u201c ist, sondern auch verbindet &#8211; was momentan wichtiger denn je erscheint. So ist dies vielleicht f\u00fcr manchen eine Anregung f\u00fcr die kommenden freien Tage. B\u00fccher und ihre Geschichten sind ein wunderbares Geschenk, das man mit Familie und Freunden teilen kann.<\/p>\n<p>V. Kugelmeier<\/p>\n","protected":false},"excerpt":{"rendered":"<p>So lautet das Motto des von der Stiftung Buchkultur und Lesef\u00f6rderung des B\u00f6rsenvereins des Deutschen Buchhandels veranstalteten Vorlesewettbewerbs, der in<\/p>\n","protected":false},"author":2,"featured_media":9867,"comment_status":"closed","ping_status":"closed","sticky":false,"template":"","format":"standard","meta":{"colormag_page_container_layout":"default_layout","colormag_page_sidebar_layout":"default_layout","ngg_post_thumbnail":0,"_price":"","_stock":"","_tribe_ticket_header":"","_tribe_default_ticket_provider":"","_tribe_ticket_capacity":"0","_ticket_start_date":"","_ticket_end_date":"","_tribe_ticket_show_description":"","_tribe_ticket_show_not_going":false,"_tribe_ticket_use_global_stock":"","_tribe_ticket_global_stock_level":"","_global_stock_mode":"","_global_stock_cap":"","_tribe_rsvp_for_event":"","_tribe_ticket_going_count":"","_tribe_ticket_not_going_count":"","_tribe_tickets_list":"[]","_tribe_ticket_has_attendee_info_fields":false,"footnotes":""},"categories":[6,3,8],"tags":[],"class_list":["post-9866","post","type-post","status-publish","format-standard","has-post-thumbnail","hentry","category-deutsch","category-fachunterricht","category-vorlesewettbewerb"],"_links":{"self":[{"href":"https:\/\/dossenberger.de\/index.php?rest_route=\/wp\/v2\/posts\/9866","targetHints":{"allow":["GET"]}}],"collection":[{"href":"https:\/\/dossenberger.de\/index.php?rest_route=\/wp\/v2\/posts"}],"about":[{"href":"https:\/\/dossenberger.de\/index.php?rest_route=\/wp\/v2\/types\/post"}],"author":[{"embeddable":true,"href":"https:\/\/dossenberger.de\/index.php?rest_route=\/wp\/v2\/users\/2"}],"replies":[{"embeddable":true,"href":"https:\/\/dossenberger.de\/index.php?rest_route=%2Fwp%2Fv2%2Fcomments&post=9866"}],"version-history":[{"count":3,"href":"https:\/\/dossenberger.de\/index.php?rest_route=\/wp\/v2\/posts\/9866\/revisions"}],"predecessor-version":[{"id":9872,"href":"https:\/\/dossenberger.de\/index.php?rest_route=\/wp\/v2\/posts\/9866\/revisions\/9872"}],"wp:featuredmedia":[{"embeddable":true,"href":"https:\/\/dossenberger.de\/index.php?rest_route=\/wp\/v2\/media\/9867"}],"wp:attachment":[{"href":"https:\/\/dossenberger.de\/index.php?rest_route=%2Fwp%2Fv2%2Fmedia&parent=9866"}],"wp:term":[{"taxonomy":"category","embeddable":true,"href":"https:\/\/dossenberger.de\/index.php?rest_route=%2Fwp%2Fv2%2Fcategories&post=9866"},{"taxonomy":"post_tag","embeddable":true,"href":"https:\/\/dossenberger.de\/index.php?rest_route=%2Fwp%2Fv2%2Ftags&post=9866"}],"curies":[{"name":"wp","href":"https:\/\/api.w.org\/{rel}","templated":true}]}}